{"id":114,"date":"2017-09-05T23:10:14","date_gmt":"2017-09-05T22:10:14","guid":{"rendered":"http:\/\/eeudf.org\/aquitaine\/?p=114"},"modified":"2017-09-05T23:10:14","modified_gmt":"2017-09-05T22:10:14","slug":"les-camps-dete-de-bergerac","status":"publish","type":"post","link":"https:\/\/eeudf.org\/aquitaine\/2017\/09\/05\/les-camps-dete-de-bergerac\/","title":{"rendered":"Les camps d&rsquo;\u00e9t\u00e9 de Bergerac"},"content":{"rendered":"<p>Pr\u00e9sentation des camps d&rsquo;\u00e9t\u00e9 de l&rsquo;unit\u00e9 de Bergerac<\/p>\n<h2>Les louvettes et louveteaux (en jumelage avec le GLoB)<\/h2>\n<p><a href=\"https:\/\/eeudf.org\/aquitaine\/wp-content\/uploads\/sites\/22\/2017\/09\/glob_bc.jpg\"><img loading=\"lazy\" decoding=\"async\" class=\"alignright  wp-image-130\" src=\"http:\/\/eeudf.org\/aquitaine\/wp-content\/uploads\/sites\/28\/2017\/09\/glob_bc-300x200.jpg\" alt=\"glob_bc\" width=\"399\" height=\"266\" \/><\/a>Et voil\u00e0 l\u2019\u00e9t\u00e9 est presque termin\u00e9 et c\u2019est bient\u00f4t la rentr\u00e9e pour les scouts !<\/p>\n<p>Pour rappel, la branche cadette de Bordeaux s\u2019est jumel\u00e9e avec celle de Bergerac et a camp\u00e9 en Dordogne, plus pr\u00e9cis\u00e9ment \u00e0 Saint-Alv\u00e8re, du 14 au 29 juillet 2017. Au total, il y avait 30 enfants et 6 responsables.<\/p>\n<p>Les enfants ont \u00e9t\u00e9 accueillis d\u00e8s le premier soir par le maire et les habitants du village Berbor. Mais ils ont vite \u00e9t\u00e9 rattrap\u00e9s par la r\u00e9alit\u00e9 car les d\u00e9guisements pour le carnaval du village ont disparu quelques jours plus tard ! Tels des d\u00e9tectives priv\u00e9s, nous sommes partis \u00e0 la recherche d\u2019indices et les voleurs ont \u00e9t\u00e9 retrouv\u00e9s ! Le carnaval a pu avoir lieu !<\/p>\n<p>En milieu de camp, les enfants ont pu explorer les environs, r\u00e9partis en groupe de petits et grands marcheurs, pour se retrouver le soir dans une propri\u00e9t\u00e9 priv\u00e9e en pr\u00e9sence de quelques animaux !<\/p>\n<p>Cet \u00e9t\u00e9, plusieurs pistes ont \u00e9t\u00e9 r\u00e9alis\u00e9es par les enfants. C\u2019\u00e9tait d\u2019ailleurs un de nos objectifs. Nous avions \u00e9galement pour autre objectif de faire vivre la d\u00e9mocratie du camp.<\/p>\n<p>Dans cette id\u00e9e, un \u00ab speakscout \u00bb a \u00e9t\u00e9 am\u00e9nag\u00e9 pour des discussions informelles et notre aventure \u00e9tait de faire vivre la radio du camp avec la pr\u00e9sence et l\u2019aide de Jean et Alexandra, deux animateurs (fictifs) de radio.<\/p>\n<p>L\u2019ambiance \u00e9tait au rendez-vous ! Elle a les yeux revolver fut LA musique du camp !<\/p>\n<p>&nbsp;<\/p>\n<h2>Les \u00e9claireuses et \u00e9claireurs<\/h2>\n<p>Un petit coucou de la branche moyenne de Bergerac !<\/p>\n<p>Cette ann\u00e9e, les \u00e9clais de Bergerac ont camp\u00e9 avec les meutes de Reims, de Douai (4 enfants) et de Maubeuge (1 enfant) \u00e0 Veauce, dans l\u2019Allier, \u00e0 30 minutes de Vichy, du 3 au 22 juillet pour le pr\u00e9-camp (pilote et co-pilote) et du 8 au 22 pour le reste de l\u2019unit\u00e9 :\u00a0 au total, 32 enfants et 7 responsables de folie !<\/p>\n<p>Au folklore : le donjon de Naheulbeuk, avec pour but de retrouver les 12 statuettes (bon, 6 en pratique, mais \u00e7a marche quand m\u00eame !) et plein d\u2019autres p\u00e9rip\u00e9ties, avec un grand jeu final !<\/p>\n<p>De plus, notre projet \u00e9tait ax\u00e9 sur un camp chantier o\u00f9 nous avons travaill\u00e9 \u00e0 la restauration du ch\u00e2teau de Veauce, dans lequel nous \u00e9tions log\u00e9s ! Au programme, d\u00e9broussaillage d\u2019une partie, pour en faire plus tard un th\u00e9\u00e2tre \u00e0 ciel ouvert pour le ch\u00e2teau, et d\u00e9blayage d\u2019un ancien chemin utilis\u00e9 \u00e0 l\u2019\u00e9poque et maintenant en friche. Un apr\u00e8s-midi rafting a aussi \u00e9t\u00e9 organis\u00e9 et tout le monde s\u2019est \u00e9clat\u00e9 !<\/p>\n<p>Dans l\u2019ensemble, un tr\u00e8s bon camp, peu de tiques et de moustiques (que demande le peuple des scouts ?) et des \u00e9clais pr\u00eats \u00e0 red\u00e9marrer sur les chapeaux de roue \u00e0 la rentr\u00e9e !<\/p>\n<p>&nbsp;<\/p>\n<p><a href=\"https:\/\/eeudf.org\/aquitaine\/wp-content\/uploads\/sites\/22\/2017\/09\/bergerac_bm.jpg\"><img loading=\"lazy\" decoding=\"async\" class=\"size-large wp-image-125 aligncenter\" src=\"http:\/\/eeudf.org\/aquitaine\/wp-content\/uploads\/sites\/28\/2017\/09\/bergerac_bm-1024x683.jpg\" alt=\"bergerac_bm\" width=\"1024\" height=\"683\" srcset=\"https:\/\/eeudf.org\/aquitaine\/wp-content\/uploads\/sites\/22\/2017\/09\/bergerac_bm-1024x683.jpg 1024w, https:\/\/eeudf.org\/aquitaine\/wp-content\/uploads\/sites\/22\/2017\/09\/bergerac_bm-300x200.jpg 300w, https:\/\/eeudf.org\/aquitaine\/wp-content\/uploads\/sites\/22\/2017\/09\/bergerac_bm-768x512.jpg 768w, https:\/\/eeudf.org\/aquitaine\/wp-content\/uploads\/sites\/22\/2017\/09\/bergerac_bm.jpg 1500w\" sizes=\"(max-width: 1024px) 100vw, 1024px\" \/><\/a><\/p>\n<p>&nbsp;<\/p>\n<h2>Les a\u00een\u00e9es et a\u00een\u00e9s<\/h2>\n<p>Nous &#8211; l&rsquo;\u00e9quipe des Suricates A\u00eenerv\u00e9s compos\u00e9e de J\u00e9r\u00e9mie, Lydie, Nathan, Paul et Nathalie &#8211; avons pris la route pendant 7 longues heures pour nous rendre sur notre lieu de camp dans la Dr\u00f4me.<\/p>\n<p>Nous avons eu une semaine bien remplie au milieu des montagnes, au milieu desquelles nous avons pu avancer sur notre plus grand projet.<\/p>\n<p>Nous avons eu la chance de tester pour certains (et refaire pour d&rsquo;autres) du canyoning dans le Vercors sur toute une journ\u00e9e. Nous avons \u00e9galement fait une journ\u00e9e sur nos v\u00e9los, \u00e0 nous balader et observer un rallye dans les alentours du village de Saint-Jean-en-Royans.<\/p>\n<p>Enfin nous avons fait une petite randonn\u00e9e juste \u00e0 c\u00f4t\u00e9 de notre lieu de camp, nous menant \u00e0 une petite grotte en haut d&rsquo;une montagne.<\/p>\n<p>La semaine fut remplie de paysages exceptionnels, tant pour les lacs magnifiques &#8211; o\u00f9 nous nous sommes baign\u00e9s &#8211; que pour le 14 juillet observ\u00e9 au dessus de toutes les petites villes du coin.<\/p>\n<p>Nous avons r\u00e9dig\u00e9 notre pacte, trouv\u00e9 notre nom d&rsquo;\u00e9quipe, trouv\u00e9 notre marraine et organis\u00e9 de nombreux temps d\u00e9bats afin de commencer \u00e0 cerner nos envies et valeurs pour le projet de cette nouvelle ann\u00e9e qui d\u00e9bute !<\/p>\n","protected":false},"excerpt":{"rendered":"<p>Pr\u00e9sentation des camps d&rsquo;\u00e9t\u00e9 de l&rsquo;unit\u00e9 de Bergerac Les louvettes et louveteaux (en jumelage avec le GLoB) Et voil\u00e0 l\u2019\u00e9t\u00e9 [&hellip;]<\/p>\n","protected":false},"author":3,"featured_media":125,"comment_status":"open","ping_status":"open","sticky":false,"template":"","format":"standard","meta":{"_acf_changed":false,"footnotes":""},"categories":[11],"tags":[],"class_list":["post-114","post","type-post","status-publish","format-standard","has-post-thumbnail","hentry","category-bergerac"],"acf":[],"_links":{"self":[{"href":"https:\/\/eeudf.org\/aquitaine\/wp-json\/wp\/v2\/posts\/114"}],"collection":[{"href":"https:\/\/eeudf.org\/aquitaine\/wp-json\/wp\/v2\/posts"}],"about":[{"href":"https:\/\/eeudf.org\/aquitaine\/wp-json\/wp\/v2\/types\/post"}],"author":[{"embeddable":true,"href":"https:\/\/eeudf.org\/aquitaine\/wp-json\/wp\/v2\/users\/3"}],"replies":[{"embeddable":true,"href":"https:\/\/eeudf.org\/aquitaine\/wp-json\/wp\/v2\/comments?post=114"}],"version-history":[{"count":0,"href":"https:\/\/eeudf.org\/aquitaine\/wp-json\/wp\/v2\/posts\/114\/revisions"}],"wp:featuredmedia":[{"embeddable":true,"href":"https:\/\/eeudf.org\/aquitaine\/wp-json\/wp\/v2\/media\/125"}],"wp:attachment":[{"href":"https:\/\/eeudf.org\/aquitaine\/wp-json\/wp\/v2\/media?parent=114"}],"wp:term":[{"taxonomy":"category","embeddable":true,"href":"https:\/\/eeudf.org\/aquitaine\/wp-json\/wp\/v2\/categories?post=114"},{"taxonomy":"post_tag","embeddable":true,"href":"https:\/\/eeudf.org\/aquitaine\/wp-json\/wp\/v2\/tags?post=114"}],"curies":[{"name":"wp","href":"https:\/\/api.w.org\/{rel}","templated":true}]}}