{"id":530,"date":"1969-12-31T12:00:38","date_gmt":"1969-12-31T11:00:38","guid":{"rendered":"http:\/\/eeudf.org\/archives\/?p=51"},"modified":"1969-12-31T12:00:38","modified_gmt":"1969-12-31T11:00:38","slug":"les-annees-60","status":"publish","type":"post","link":"https:\/\/eeudf.org\/archives\/1969\/12\/31\/les-annees-60\/","title":{"rendered":"1960-1969 : le cap des 50 ans"},"content":{"rendered":"<h2 class=\"spip\" style=\"text-align: justify\">En r\u00e9sum\u00e9&#8230;<\/h2>\n<p style=\"text-align: justify\"><i>En 1961, le cap des 50 ans est pass\u00e9&nbsp;! Un camp national est organis\u00e9 pour l\u2019occasion au Malzieu ( Loz\u00e8re), 3 000 \u00e9claireurs s\u2019y retrouvent.<\/i><\/p>\n<h2 class=\"spip\" style=\"text-align: justify\">Les dates cl\u00e9s de la p\u00e9riode<\/h2>\n<p style=\"text-align: justify\"><strong>Du 18 au 29 juillet 1961<\/strong>&nbsp;: camp national du 50e anniversaire des Eclaireurs Unionistes, au Malzieu (Loz\u00e8re).<\/p>\n<p style=\"text-align: justify\"><strong>1964&nbsp;<\/strong>&nbsp;: \u00e9clatement de la FFE. La section unioniste subsiste seule et deviendra la FFE-U<\/p>\n\n<p><br>\n<!--StartFragment--><\/p>\n\n\n<h3 class=\"wp-block-heading\">Toutes les archives de 1960-1969<\/h3>\n\n\n<ul class=\"wp-block-latest-posts__list is-grid columns-3 renvoiArticles wp-block-latest-posts\"><li><a class=\"wp-block-latest-posts__post-title\" href=\"https:\/\/eeudf.org\/archives\/1969\/12\/31\/les-annees-60\/\">1960-1969 : le cap des 50 ans<\/a><\/li>\n<li><a class=\"wp-block-latest-posts__post-title\" href=\"https:\/\/eeudf.org\/archives\/1969\/01\/01\/1969-%c2%b7-calendrier\/\">1969 \u00b7 Calendrier<\/a><\/li>\n<li><a class=\"wp-block-latest-posts__post-title\" href=\"https:\/\/eeudf.org\/archives\/1968\/11\/03\/1968-%c2%b7-conseil-national\/\">1968 \u00b7 Conseil national<\/a><\/li>\n<li><a class=\"wp-block-latest-posts__post-title\" href=\"https:\/\/eeudf.org\/archives\/1968\/03\/17\/1968-%c2%b7-rapport-dorientation-2\/\">1968 \u00b7 Rapport d&rsquo;orientation<\/a><\/li>\n<li><a class=\"wp-block-latest-posts__post-title\" href=\"https:\/\/eeudf.org\/archives\/1968\/01\/01\/1968-%c2%b7-calendrier\/\">1968 \u00b7 Calendrier<\/a><\/li>\n<li><a class=\"wp-block-latest-posts__post-title\" href=\"https:\/\/eeudf.org\/archives\/1967\/01\/01\/1967-%c2%b7-calendrier\/\">1967 \u00b7 Calendrier<\/a><\/li>\n<li><a class=\"wp-block-latest-posts__post-title\" href=\"https:\/\/eeudf.org\/archives\/1966\/01\/01\/1966-%c2%b7-calendrier\/\">1966 \u00b7 Calendrier<\/a><\/li>\n<li><a class=\"wp-block-latest-posts__post-title\" href=\"https:\/\/eeudf.org\/archives\/1964\/01\/01\/1964-%c2%b7-calendrier\/\">1964 \u00b7 Calendrier<\/a><\/li>\n<li><a class=\"wp-block-latest-posts__post-title\" href=\"https:\/\/eeudf.org\/archives\/1963\/01\/01\/1963-%c2%b7-calendrier\/\">1963 \u00b7 Calendrier<\/a><\/li>\n<li><a class=\"wp-block-latest-posts__post-title\" href=\"https:\/\/eeudf.org\/archives\/1961\/07\/29\/1961-%c2%b7-camp-national-eclaireurs-du-malzieu\/\">1961 \u00b7 Camp national \u00c9claireurs du Malzieu<\/a><\/li>\n<li><a class=\"wp-block-latest-posts__post-title\" href=\"https:\/\/eeudf.org\/archives\/1961\/01\/01\/1961-%c2%b7-calendrier\/\">1961 \u00b7 Calendrier<\/a><\/li>\n<li><a class=\"wp-block-latest-posts__post-title\" href=\"https:\/\/eeudf.org\/archives\/1960\/01\/01\/1960-%c2%b7-calendrier\/\">1960 \u00b7 Calendrier<\/a><\/li>\n<li><a class=\"wp-block-latest-posts__post-title\" href=\"https:\/\/eeudf.org\/archives\/1959\/12\/31\/1946-1959-lapres-guerre\/\">1946-1959 : l&rsquo;apr\u00e8s guerre<\/a><\/li>\n<li><a class=\"wp-block-latest-posts__post-title\" href=\"https:\/\/eeudf.org\/archives\/1959\/01\/01\/1959-%c2%b7-calendrier\/\">1959 \u00b7 Calendrier<\/a><\/li>\n<li><a class=\"wp-block-latest-posts__post-title\" href=\"https:\/\/eeudf.org\/archives\/1958\/01\/01\/1958-%c2%b7-calendrier\/\">1958 \u00b7 Calendrier<\/a><\/li>\n<li><a class=\"wp-block-latest-posts__post-title\" href=\"https:\/\/eeudf.org\/archives\/1957\/01\/01\/1957-%c2%b7-calendrier\/\">1957 \u00b7 Calendrier<\/a><\/li>\n<li><a class=\"wp-block-latest-posts__post-title\" href=\"https:\/\/eeudf.org\/archives\/1956\/01\/01\/1956-%c2%b7-calendrier\/\">1956 \u00b7 Calendrier<\/a><\/li>\n<li><a class=\"wp-block-latest-posts__post-title\" href=\"https:\/\/eeudf.org\/archives\/1955\/01\/01\/1955-%c2%b7-calendrier\/\">1955 \u00b7 Calendrier<\/a><\/li>\n<li><a class=\"wp-block-latest-posts__post-title\" href=\"https:\/\/eeudf.org\/archives\/1954\/01\/01\/1954-%c2%b7-calendrier\/\">1954 \u00b7 Calendrier<\/a><\/li>\n<li><a class=\"wp-block-latest-posts__post-title\" href=\"https:\/\/eeudf.org\/archives\/1953\/01\/01\/1953-%c2%b7-calendrier\/\">1953 \u00b7 Calendrier<\/a><\/li>\n<li><a class=\"wp-block-latest-posts__post-title\" href=\"https:\/\/eeudf.org\/archives\/1952\/01\/01\/1952-%c2%b7-calendrier\/\">1952 \u00b7 Calendrier<\/a><\/li>\n<li><a class=\"wp-block-latest-posts__post-title\" href=\"https:\/\/eeudf.org\/archives\/1951\/07\/29\/1951-%c2%b7-camp-national-de-walbach\/\">1951 \u00b7 Camp national de Walbach<\/a><\/li>\n<li><a class=\"wp-block-latest-posts__post-title\" href=\"https:\/\/eeudf.org\/archives\/1951\/01\/01\/1951-%c2%b7-calendrier\/\">1951 \u00b7 Calendrier<\/a><\/li>\n<li><a class=\"wp-block-latest-posts__post-title\" href=\"https:\/\/eeudf.org\/archives\/1950\/01\/01\/1950-%c2%b7-calendrier\/\">1950 \u00b7 Calendrier<\/a><\/li>\n<li><a class=\"wp-block-latest-posts__post-title\" href=\"https:\/\/eeudf.org\/archives\/1948\/11\/01\/1948-%c2%b7-conseil-national\/\">1948 \u00b7 Conseil national<\/a><\/li>\n<li><a class=\"wp-block-latest-posts__post-title\" href=\"https:\/\/eeudf.org\/archives\/1947\/08\/20\/1947-%c2%b7-jamboree-mondial-de-la-paix\/\">1947 \u00b7 Jambor\u00e9e mondial de la Paix<\/a><\/li>\n<li><a class=\"wp-block-latest-posts__post-title\" href=\"https:\/\/eeudf.org\/archives\/1947\/01\/01\/1947-%c2%b7-calendrier\/\">1947 \u00b7 Calendrier<\/a><\/li>\n<li><a class=\"wp-block-latest-posts__post-title\" href=\"https:\/\/eeudf.org\/archives\/1946\/12\/31\/chateau-de-cappy\/\">Ch\u00e2teau de Cappy<\/a><\/li>\n<li><a class=\"wp-block-latest-posts__post-title\" href=\"https:\/\/eeudf.org\/archives\/1945\/12\/31\/1939-1945-la-seconde-guerre-mondiale\/\">1939-1945 : la seconde guerre mondiale<\/a><\/li>\n<li><a class=\"wp-block-latest-posts__post-title\" href=\"https:\/\/eeudf.org\/archives\/1944\/01\/01\/1944-%c2%b7-calendrier\/\">1944 \u00b7 Calendrier<\/a><\/li>\n<li><a class=\"wp-block-latest-posts__post-title\" href=\"https:\/\/eeudf.org\/archives\/1940\/01\/01\/1940-%c2%b7-calendrier\/\">1940 \u00b7 Calendrier<\/a><\/li>\n<li><a class=\"wp-block-latest-posts__post-title\" href=\"https:\/\/eeudf.org\/archives\/1939\/12\/31\/annees-30\/\">1930-1938 : D\u00e9veloppement et \u00e9changes inter-mouvements<\/a><\/li>\n<li><a class=\"wp-block-latest-posts__post-title\" href=\"https:\/\/eeudf.org\/archives\/1939\/01\/01\/1939-%c2%b7-calendrier\/\">1939 \u00b7 Calendrier<\/a><\/li>\n<li><a class=\"wp-block-latest-posts__post-title\" href=\"https:\/\/eeudf.org\/archives\/1936\/08\/17\/1936-%c2%b7-camp-national-de-walbach\/\">1936 \u00b7 Camp national de Walbach<\/a><\/li>\n<li><a class=\"wp-block-latest-posts__post-title\" href=\"https:\/\/eeudf.org\/archives\/1929\/12\/31\/annees-20\/\">1920-1929 : les mouvements se structurent<\/a><\/li>\n<li><a class=\"wp-block-latest-posts__post-title\" href=\"https:\/\/eeudf.org\/archives\/1919\/12\/31\/1911-1919-les-premieres-annees\/\">1911-1919 : les premi\u00e8res ann\u00e9es<\/a><\/li>\n<li><a class=\"wp-block-latest-posts__post-title\" href=\"https:\/\/eeudf.org\/archives\/1911\/12\/31\/1911-1970-%c2%b7-loi-de-leclaireur\/\">1911-1970 \u00b7 Loi de l&rsquo;\u00c9claireur<\/a><\/li>\n<\/ul>\n\n<p><!--EndFragment--><br \/><br \/><\/p>","protected":false},"excerpt":{"rendered":"<p>En r\u00e9sum\u00e9&#8230; En 1961, le cap des 50 ans est pass\u00e9&nbsp;! Un camp national est organis\u00e9 pour l\u2019occasion au Malzieu [&hellip;]<\/p>\n","protected":false},"author":20,"featured_media":719,"comment_status":"closed","ping_status":"closed","sticky":false,"template":"","format":"standard","meta":{"_acf_changed":false,"footnotes":""},"categories":[7,10,8,16],"tags":[],"class_list":["post-530","post","type-post","status-publish","format-standard","has-post-thumbnail","hentry","category-en-resume","category-ffe","category-euf","category-1960-1969"],"acf":[],"_links":{"self":[{"href":"https:\/\/eeudf.org\/archives\/wp-json\/wp\/v2\/posts\/530"}],"collection":[{"href":"https:\/\/eeudf.org\/archives\/wp-json\/wp\/v2\/posts"}],"about":[{"href":"https:\/\/eeudf.org\/archives\/wp-json\/wp\/v2\/types\/post"}],"author":[{"embeddable":true,"href":"https:\/\/eeudf.org\/archives\/wp-json\/wp\/v2\/users\/20"}],"replies":[{"embeddable":true,"href":"https:\/\/eeudf.org\/archives\/wp-json\/wp\/v2\/comments?post=530"}],"version-history":[{"count":0,"href":"https:\/\/eeudf.org\/archives\/wp-json\/wp\/v2\/posts\/530\/revisions"}],"wp:featuredmedia":[{"embeddable":true,"href":"https:\/\/eeudf.org\/archives\/wp-json\/wp\/v2\/media\/719"}],"wp:attachment":[{"href":"https:\/\/eeudf.org\/archives\/wp-json\/wp\/v2\/media?parent=530"}],"wp:term":[{"taxonomy":"category","embeddable":true,"href":"https:\/\/eeudf.org\/archives\/wp-json\/wp\/v2\/categories?post=530"},{"taxonomy":"post_tag","embeddable":true,"href":"https:\/\/eeudf.org\/archives\/wp-json\/wp\/v2\/tags?post=530"}],"curies":[{"name":"wp","href":"https:\/\/api.w.org\/{rel}","templated":true}]}}