{"id":162,"date":"2018-09-21T23:19:59","date_gmt":"2018-09-21T21:19:59","guid":{"rendered":"http:\/\/eeudf.org\/paris\/?p=162"},"modified":"2018-09-21T23:19:59","modified_gmt":"2018-09-21T21:19:59","slug":"elevage-et-maraichage-les-pistes-des-enfants","status":"publish","type":"post","link":"https:\/\/eeudf.org\/batignolles\/2018\/09\/21\/elevage-et-maraichage-les-pistes-des-enfants\/","title":{"rendered":"Les pistes des enfants &#8211; Elevage et mara\u00eechage"},"content":{"rendered":"<p>Durant le camp d&rsquo;\u00e9t\u00e9 2018, Esther, P\u00e9n\u00e9lope, L\u00e8n, Maddie et Pierre ont pos\u00e9 des questions \u00e0 Pascal Combecau, maire de Villefavard. Lucie D et Louison ont discut\u00e9 avec Jo\u00eblle Raynaud, mara\u00eech\u00e8re bio \u00e0 Ch\u00e2teauponsac. Voici la restitution de ces \u00e9changes.<\/p>\n<hr \/>\n<h2>Entretien audio avec Jo\u00eblle, par Lucie et Louison<\/h2>\n<!--[if lt IE 9]><script>document.createElement('audio');<\/script><![endif]-->\n<audio class=\"wp-audio-shortcode\" id=\"audio-162-1\" preload=\"none\" style=\"width: 100%;\" controls=\"controls\"><source type=\"audio\/mpeg\" src=\"http:\/\/eeudf.org\/paris\/wp-content\/uploads\/sites\/32\/2018\/09\/mara\u00eechage.m4a?_=1\" \/><a href=\"http:\/\/eeudf.org\/paris\/wp-content\/uploads\/sites\/32\/2018\/09\/mara\u00eechage.m4a\">http:\/\/eeudf.org\/paris\/wp-content\/uploads\/sites\/32\/2018\/09\/mara\u00eechage.m4a<\/a><\/audio>\n<hr \/>\n<h2>R\u00e9sum\u00e9 de la rencontre avec Pascal, par Esther, P\u00e9n\u00e9lope, L\u00e8n, Maddie et Pierre (retravaill\u00e9 par les responsables)<\/h2>\n<p><img loading=\"lazy\" decoding=\"async\" class=\"size-large wp-image-178 aligncenter\" src=\"http:\/\/eeudf.org\/paris\/wp-content\/uploads\/sites\/32\/2018\/09\/IMG_1897-1024x768.jpg\" alt=\"IMG_1897\" width=\"1024\" height=\"768\" \/><\/p>\n<p>Le matin du 13 juillet, une interviou (sic) a \u00e9t\u00e9 pos\u00e9e \u00e0 Pascal Combecau, \u00e9leveur de vaches. Il adore les animaux. Il \u00e9l\u00e8ve ses vaches, quand il y a des veaux il les revend. Il a 100 vaches laiti\u00e8res. Il avait des brebis \u00e0 l&rsquo;ancien temps mais maintenant il n&rsquo;en a plus, car il n&rsquo;a plus beaucoup de temps. Quand il y a des gros travaux, il a un employ\u00e9 pour l&rsquo;aider. Pour l&rsquo;instant, le r\u00e9chauffement climatique n&rsquo;a pas d&rsquo;impact sur son m\u00e9tier.<\/p>\n<p>Il est aussi maire depuis 2001 et donc il doit g\u00e9rer les deux m\u00e9tiers.<\/p>\n<p>Il a voulu \u00eatre maire car son grand-p\u00e8re l&rsquo;\u00e9tait aussi, il souhaite faire des choses pour la commune. Pour pouvoir exercer en m\u00eame temps son m\u00e9tier d&rsquo;\u00e9leveur et sa fonction de maire, une secr\u00e9taire de mairie l&rsquo;aide. Pour \u00eatre maire, il n&rsquo;y a pas besoin de faire des \u00e9tudes particuli\u00e8res.<\/p>\n<p>Dans sa journ\u00e9e de maire, il s&rsquo;occupe d&rsquo;abord du courrier et de la messagerie, puis il passe des coups de t\u00e9l\u00e9phone pour les travaux et participe aux r\u00e9unions entre maires. Parfois, il y a des probl\u00e8mes de voisinage ou des activit\u00e9s \u00e0 organiser.<\/p>\n<p><img loading=\"lazy\" decoding=\"async\" class=\"alignnone size-large wp-image-179\" src=\"http:\/\/eeudf.org\/paris\/wp-content\/uploads\/sites\/32\/2018\/09\/IMG_1896-1024x768.jpg\" alt=\"IMG_1896\" width=\"1024\" height=\"768\" \/><\/p>\n<p><img loading=\"lazy\" decoding=\"async\" class=\"alignnone size-large wp-image-180\" src=\"http:\/\/eeudf.org\/paris\/wp-content\/uploads\/sites\/32\/2018\/09\/DSC_1954-1024x681.jpg\" alt=\"DSC_1954\" width=\"1024\" height=\"681\" \/><\/p>\n","protected":false},"excerpt":{"rendered":"<p>Durant le camp d&rsquo;\u00e9t\u00e9 2018, Esther, P\u00e9n\u00e9lope, L\u00e8n, Maddie et Pierre ont pos\u00e9 des questions \u00e0 Pascal Combecau, maire de [&hellip;]<\/p>\n","protected":false},"author":111,"featured_media":179,"comment_status":"open","ping_status":"open","sticky":false,"template":"","format":"standard","meta":{"_acf_changed":false,"footnotes":""},"categories":[5],"tags":[],"class_list":["post-162","post","type-post","status-publish","format-standard","has-post-thumbnail","hentry","category-batignolles"],"acf":[],"_links":{"self":[{"href":"https:\/\/eeudf.org\/batignolles\/wp-json\/wp\/v2\/posts\/162"}],"collection":[{"href":"https:\/\/eeudf.org\/batignolles\/wp-json\/wp\/v2\/posts"}],"about":[{"href":"https:\/\/eeudf.org\/batignolles\/wp-json\/wp\/v2\/types\/post"}],"author":[{"embeddable":true,"href":"https:\/\/eeudf.org\/batignolles\/wp-json\/wp\/v2\/users\/111"}],"replies":[{"embeddable":true,"href":"https:\/\/eeudf.org\/batignolles\/wp-json\/wp\/v2\/comments?post=162"}],"version-history":[{"count":0,"href":"https:\/\/eeudf.org\/batignolles\/wp-json\/wp\/v2\/posts\/162\/revisions"}],"wp:featuredmedia":[{"embeddable":true,"href":"https:\/\/eeudf.org\/batignolles\/wp-json\/"}],"wp:attachment":[{"href":"https:\/\/eeudf.org\/batignolles\/wp-json\/wp\/v2\/media?parent=162"}],"wp:term":[{"taxonomy":"category","embeddable":true,"href":"https:\/\/eeudf.org\/batignolles\/wp-json\/wp\/v2\/categories?post=162"},{"taxonomy":"post_tag","embeddable":true,"href":"https:\/\/eeudf.org\/batignolles\/wp-json\/wp\/v2\/tags?post=162"}],"curies":[{"name":"wp","href":"https:\/\/api.w.org\/{rel}","templated":true}]}}