{"id":240,"date":"2019-03-18T12:07:25","date_gmt":"2019-03-18T11:07:25","guid":{"rendered":"http:\/\/eeudf.org\/paris\/?p=240"},"modified":"2019-03-18T12:07:25","modified_gmt":"2019-03-18T11:07:25","slug":"pistes-enfants-chant-lyrique-piano","status":"publish","type":"post","link":"https:\/\/eeudf.org\/batignolles\/2019\/03\/18\/pistes-enfants-chant-lyrique-piano\/","title":{"rendered":"Les pistes des enfants &#8211; Chant lyrique et piano"},"content":{"rendered":"<p style=\"text-align: justify\">Durant le camp d&rsquo;\u00e9t\u00e9 2018, Colombe et Elina ont r\u00e9alis\u00e9 un entretien avec Ali\u00e9nor, chanteuse lyrique et Anne-Louise, pianiste. Nous les avons rencontr\u00e9es \u00e0 Villefavard, car elles se produisaient le 21 juillet 2018 en <a href=\"https:\/\/www.fermedevillefavard.com\/events\/journee-des-amis-des-concerts-recital\/\">concert<\/a> \u00e0 la Ferme de Villefavard, une salle de concert et r\u00e9sidence artistique.<\/p>\n<p style=\"text-align: justify\">Regardez la vid\u00e9o ci-dessous pour savoir tout sur leur m\u00e9tier, si elles participent \u00e0 The Voice&#8230; et bien d&rsquo;autres choses ! Vous pouvez \u00e9galement \u00e9couter l&rsquo;enregistrement audio d&rsquo;un de leurs morceaux, qu&rsquo;elles ont chant\u00e9 et jou\u00e9 sp\u00e9cialement pour cet entretien (en-dessous de la vid\u00e9o).<\/p>\n<p><iframe loading=\"lazy\" title=\"Ali\u00e9nor, chanteuse lyrique &amp; Anne-Louise, pianiste\" width=\"500\" height=\"281\" src=\"https:\/\/www.youtube.com\/embed\/IU7wm0S7aBQ?feature=oembed\" frameborder=\"0\" allow=\"accelerometer; autoplay; clipboard-write; encrypted-media; gyroscope; picture-in-picture; web-share\" referrerpolicy=\"strict-origin-when-cross-origin\" allowfullscreen><\/iframe><\/p>\n<!--[if lt IE 9]><script>document.createElement('audio');<\/script><![endif]-->\n<audio class=\"wp-audio-shortcode\" id=\"audio-240-1\" preload=\"none\" style=\"width: 100%;\" controls=\"controls\"><source type=\"audio\/mpeg\" src=\"http:\/\/eeudf.org\/paris\/wp-content\/uploads\/sites\/32\/2019\/03\/Chant.mp3?_=1\" \/><a href=\"http:\/\/eeudf.org\/paris\/wp-content\/uploads\/sites\/32\/2019\/03\/Chant.mp3\">http:\/\/eeudf.org\/paris\/wp-content\/uploads\/sites\/32\/2019\/03\/Chant.mp3<\/a><\/audio>\n","protected":false},"excerpt":{"rendered":"<p>Durant le camp d&rsquo;\u00e9t\u00e9 2018, Colombe et Elina ont r\u00e9alis\u00e9 un entretien avec Ali\u00e9nor, chanteuse lyrique et Anne-Louise, pianiste. Nous [&hellip;]<\/p>\n","protected":false},"author":111,"featured_media":241,"comment_status":"open","ping_status":"open","sticky":false,"template":"","format":"standard","meta":{"_acf_changed":false,"footnotes":""},"categories":[5],"tags":[],"class_list":["post-240","post","type-post","status-publish","format-standard","has-post-thumbnail","hentry","category-batignolles"],"acf":[],"_links":{"self":[{"href":"https:\/\/eeudf.org\/batignolles\/wp-json\/wp\/v2\/posts\/240"}],"collection":[{"href":"https:\/\/eeudf.org\/batignolles\/wp-json\/wp\/v2\/posts"}],"about":[{"href":"https:\/\/eeudf.org\/batignolles\/wp-json\/wp\/v2\/types\/post"}],"author":[{"embeddable":true,"href":"https:\/\/eeudf.org\/batignolles\/wp-json\/wp\/v2\/users\/111"}],"replies":[{"embeddable":true,"href":"https:\/\/eeudf.org\/batignolles\/wp-json\/wp\/v2\/comments?post=240"}],"version-history":[{"count":0,"href":"https:\/\/eeudf.org\/batignolles\/wp-json\/wp\/v2\/posts\/240\/revisions"}],"wp:featuredmedia":[{"embeddable":true,"href":"https:\/\/eeudf.org\/batignolles\/wp-json\/"}],"wp:attachment":[{"href":"https:\/\/eeudf.org\/batignolles\/wp-json\/wp\/v2\/media?parent=240"}],"wp:term":[{"taxonomy":"category","embeddable":true,"href":"https:\/\/eeudf.org\/batignolles\/wp-json\/wp\/v2\/categories?post=240"},{"taxonomy":"post_tag","embeddable":true,"href":"https:\/\/eeudf.org\/batignolles\/wp-json\/wp\/v2\/tags?post=240"}],"curies":[{"name":"wp","href":"https:\/\/api.w.org\/{rel}","templated":true}]}}