{"id":297,"date":"2022-03-21T13:50:23","date_gmt":"2022-03-21T12:50:23","guid":{"rendered":"https:\/\/eeudf.org\/paris\/?p=297"},"modified":"2022-03-21T13:50:23","modified_gmt":"2022-03-21T12:50:23","slug":"organiser-un-camp-bc-bm","status":"publish","type":"post","link":"https:\/\/eeudf.org\/batignolles\/2022\/03\/21\/organiser-un-camp-bc-bm\/","title":{"rendered":"Organiser un camp BC\/BM"},"content":{"rendered":"\n<p>La pr\u00e9pa camp\nest lanc\u00e9e, de nombreux groupes se lancent dans des projets de camp de groupe\nlocal, de camp BC\/BM\u2026 la plupart du temps pour des questions li\u00e9es aux quotas\n(animation, personne pour diriger), parfois pour l\u2019anniversaire du groupe\nlocal, moins souvent par pure envie p\u00e9dagogique.<\/p>\n\n\n\n<p>Il est compr\u00e9hensible que ces camps \u00e9mergent d\u2019un manque, cependant, on peut faire de ce manque une formidable opportunit\u00e9 de rencontre, de co\u00e9ducation \u00e9largie, de renforcement de la culture du groupe local, de mutualisation des ressources entre les \u00e9quipes de responsables, au lieu de se contenter de vivre deux camps en parall\u00e8le, sur le m\u00eame lieu, sans se croiser. Dans cet article, je vous relate <strong>quelques aspects du camp BC\/BM du groupe de Batignolles (Paris) de l\u2019\u00e9t\u00e9 2019<\/strong>, r\u00e9fl\u00e9chis afin de permettre de vivre les points \u00e9voqu\u00e9s ci-dessus. Pour information, il y avait 26 enfants \u00e0 la meute, 20 \u00e0 l\u2019unit\u00e9 et 10 responsables et c\u2019\u00e9tait le 3<sup>\u00e8me<\/sup> camp que je dirigeais.<\/p>\n\n\n\n<div class=\"wp-block-image\"><figure class=\"aligncenter size-large\"><img decoding=\"async\" src=\"https:\/\/eeudf.org\/paris\/wp-content\/uploads\/sites\/32\/2022\/03\/l\u00e9zard.jpg\" alt=\"\" class=\"wp-image-298\" \/><figcaption>Lecture du livre de L\u00e9zard durant la parole d&rsquo;engagement de Suzanne<\/figcaption><\/figure><\/div>\n\n\n\n<p>Les deux\n\u00e9quipes de responsables avaient envie de vivre un camp de groupe local (il n\u2019y\navait plus d\u2019\u00e9quipe a\u00een\u00e9e cette ann\u00e9e-l\u00e0) et l\u2019\u00e9quipe de l\u2019unit\u00e9 n\u2019avait pas de\ndipl\u00f4me de direction. Les deux \u00e9quipes ont donc d\u00e9cid\u00e9 d\u2019organiser un camp\ncommun, avec&nbsp;:<\/p>\n\n\n\n<ul class=\"wp-block-list\"><li>La <strong>m\u00eame dur\u00e9e<\/strong> de camp pour meute &amp; unit\u00e9 (17 jours)<\/li><li>Un <strong>pr\u00e9camp commun<\/strong> a \u00e9t\u00e9 organis\u00e9, la pr\u00e9sence des picopi et des resps BM a bien aid\u00e9 les responsables de la meute (qui ne pouvaient pas toutes \u00eatre l\u00e0)<\/li><li>Le <strong>m\u00eame prix<\/strong> de camp<\/li><li>Une <strong>intendance commune<\/strong>&nbsp;: les m\u00eames repas, avec les quantit\u00e9s par personne l\u00e9g\u00e8rement augment\u00e9es pour la BM<\/li><li><strong>Deux objectifs \u00e9ducatifs communs et un objectif sp\u00e9cifique<\/strong> \u00e0 la meute \/ \u00e0 l\u2019unit\u00e9<\/li><li>Un <strong>folklore commun<\/strong> (Poudlard), qui avance dans les jeux communs et en parall\u00e8le lors de jeux s\u00e9par\u00e9s (des p\u00e9rip\u00e9ties identiques sont v\u00e9cues par la meute et l\u2019unit\u00e9 s\u00e9par\u00e9es)<\/li><li>Un <strong>spectacle biblique<\/strong> commun<\/li><li>Une <strong>journ\u00e9e \u00e0 la mer<\/strong> pour meute &amp; unit\u00e9<\/li><\/ul>\n\n\n\n<div class=\"wp-block-image\"><figure class=\"aligncenter size-large\"><img decoding=\"async\" src=\"https:\/\/eeudf.org\/paris\/wp-content\/uploads\/sites\/32\/2022\/03\/profs.jpg\" alt=\"\" class=\"wp-image-299\" \/><figcaption>Les profs de Poudlard et des \u00e9coles invit\u00e9es lors de la c\u00e9r\u00e9monie de r\u00e9partition dans les maisons<\/figcaption><\/figure><\/div>\n\n\n\n<p>L\u2019organisation des \u00e9quipes de responsables a \u00e9t\u00e9 facilit\u00e9e par le fait que les 4 responsables de l\u2019unit\u00e9 disposaient d\u2019un BAFA complet (donc n\u2019\u00e9taient pas en stage pratique)&nbsp;: j\u2019ai d\u00e9sign\u00e9 parmi l\u2019\u00e9quipe un <strong>directeur adjoint<\/strong>, qui menait les r\u00e9unions du soir de l\u2019<strong>\u00e9quipe BM<\/strong>. Nous \u00e9tions six dans l\u2019\u00e9quipe BC, dont 4 stagiaires qui n\u2019avaient jamais fait de scoutisme avant et j\u2019ai pu les accompagner tout au long du camp. Dans des situations moins confortables (\u00e9quipes inexp\u00e9riment\u00e9es \/ stagiaires de chaque c\u00f4t\u00e9), il est n\u00e9cessaire de r\u00e9fl\u00e9chir \u00e0 un fonctionnement pour permettre le bon accompagnement des responsables et du fonctionnement du camp (r\u00e9unions le midi pour une \u00e9quipe et le soir pour l&rsquo;autre pour que la personne qui dirige soit pr\u00e9sente aux deux, pr\u00e9sence un jour sur deux \u00e0 la r\u00e9union du soir, d\u00e9signation d&rsquo;un adjoint&#8230;).<\/p>\n\n\n\n<p>Durant le w-e pr\u00e9pa camp, les \u00e9quipes se sont accord\u00e9es sur deux objectifs \u00e9ducatifs, un folklore et un projet de camp communs. Le folklore Poudlard permettait d\u2019avoir des maisons (les sizaines) et 3 \u00e9coles invit\u00e9es (les \u00e9quipes \u00e9clais de jeu) qui \u00e9taient \u00ab&nbsp;accueillies&nbsp;\u00bb dans une maison lors de leur s\u00e9jour et constituaient ainsi des \u00e9quipes \u00e9largies pour les jeux communs. Nous avions con\u00e7u les journ\u00e9es-types de fa\u00e7on \u00e0 pouvoir organiser <strong>tous les deux jours une activit\u00e9 commune<\/strong>, le plus souvent folkloris\u00e9e, mais nous avons aussi eu une <strong>veill\u00e9e chant<\/strong>, un <strong>culte en plein air<\/strong> et la <strong>boum<\/strong> de fin de camp et avons pr\u00e9vu une <strong>op<\/strong> folkloris\u00e9e (un jeu en veill\u00e9e + matin\u00e9e suivante avec bivouac dans la for\u00eat). Le <strong>projet de camp commun<\/strong> \u00e9tait un spectacle biblique&nbsp;: nous leur avons pr\u00e9sent\u00e9 (s\u00e9par\u00e9ment) 4 paraboles, les enfants ont list\u00e9 leurs pr\u00e9f\u00e9rences et nous avons \u00e9tabli quatre groupes de chaque c\u00f4t\u00e9, qui \u00e9taient charg\u00e9s de r\u00e9inventer leur parabole \u00e0 notre \u00e9poque et la jouer pendant le spectacle final devant le reste de la meute et de l\u2019unit\u00e9.<\/p>\n\n\n\n<div class=\"wp-block-image\"><figure class=\"aligncenter size-large\"><img decoding=\"async\" src=\"https:\/\/eeudf.org\/paris\/wp-content\/uploads\/sites\/32\/2022\/03\/culte.jpg\" alt=\"\" class=\"wp-image-301\" \/><figcaption>Culte en plein air, pr\u00e9dication \u00e0 partir des questions des enfants. <br>Cantiques &amp; pri\u00e8res choisies par les enfants<\/figcaption><\/figure><\/div>\n\n\n\n<p>Nous avons trouv\u00e9 un <strong>lieu de camp<\/strong> qui nous permettait d\u2019avoir deux lieux de vie et de jeux s\u00e9par\u00e9s&nbsp;: Le Val Richer (Calvados). Les douches (2 structures de marabout distinctes) \u00e9taient dans le m\u00eame champ, la tente d\u2019intendance \u00e9tait entre les deux lieux, les tentes et le coin repas de la meute dans un champ, les tentes et le coin repas des \u00e9clais dans la for\u00eat. Nous avons install\u00e9 les coins de sizaines dans la for\u00eat \u00e9galement, dans lesquels nous mangions le midi, mais de l\u2019autre c\u00f4t\u00e9 du chemin, de fa\u00e7on \u00e0 avoir des espaces bien s\u00e9par\u00e9s. Pour l\u2019intendance, le carnet de recettes du camp mentionnait pour chaque repas la r\u00e9partition des denr\u00e9es pour la meute et l\u2019unit\u00e9, de telle sorte que chaque responsable pouvait s\u00e9parer la nourriture lors de la pr\u00e9pa bouffe. Le <strong>service d\u2019eau \u00e9tait mutualis\u00e9<\/strong>&nbsp;: le matin, la meute remplissait tous les jerrycans et le soir, l\u2019unit\u00e9 (chaque sizaine ou \u00e9quipe de service se chargeait d\u2019apporter les jerrycans vides au point central).<\/p>\n\n\n\n<p>Pour l\u2019<strong>explo<\/strong>, comme nous \u00e9tions 6 responsables \u00e0 la meute et que nous souhaitions faire 3 groupes, nous n\u2019avions personne de disponible pour le ravitaillement et nous avons pu b\u00e9n\u00e9ficier de l\u2019aide des responsables de l\u2019unit\u00e9&nbsp;pour cela : nous avons plac\u00e9 les deux explos avec seulement un jour de d\u00e9calage, les resps \u00e9clais apportaient le d\u00eener et le cas \u00e9ch\u00e9ant les vivres pour le repas du midi suivant aux groupes de la meute, en m\u00eame temps qu\u2019ils faisaient la tourn\u00e9e des \u00e9quipes \u00e9clais. A l\u2019inverse, nous avons plac\u00e9 la <strong>lessive<\/strong> en d\u00e9cal\u00e9, pour ne pas manquer de bassines.<\/p>\n\n\n\n<div class=\"wp-block-image\"><figure class=\"aligncenter size-large\"><img decoding=\"async\" src=\"https:\/\/eeudf.org\/paris\/wp-content\/uploads\/sites\/32\/2022\/03\/explo.jpg\" alt=\"\" class=\"wp-image-303\" \/><figcaption>Un groupe d&rsquo;explo dans la campagne normande<\/figcaption><\/figure><\/div>\n\n\n\n<p>En plus des jeux communs, nous avons souhait\u00e9 vivre le <strong>partage dans la vie quotidienne<\/strong>&nbsp;: un midi, les responsables ont \u00e9chang\u00e9 d&rsquo;unit\u00e9, les responsables BC ont mang\u00e9 dans les \u00e9quipes \u00e9clais et inversement. Un autre midi, les vieux loups (enfants en derni\u00e8re ann\u00e9e \u00e0 la meute) ont v\u00e9cu tout le temps du midi dans une \u00e9quipe \u00e9clai et ont partag\u00e9 la cuisine, le repas et les services, afin d\u2019avoir un avant-go\u00fbt de leurs futures exp\u00e9riences de camp \u00e0 l\u2019unit\u00e9.<\/p>\n\n\n\n<p>Pour\nr\u00e9capituler, \u00e0 mes yeux, un camp de groupe local int\u00e9ressant et r\u00e9ussi,\nc\u2019est&nbsp;:<\/p>\n\n\n\n<ul class=\"wp-block-list\"><li>Un objectif \u00e9ducatif commun (ou a minima un ou\ndeux objectifs op\u00e9rationnels)<\/li><li>Des activit\u00e9s communes, si possible folkloris\u00e9es\net coop\u00e9ratives, dont certaines festives<\/li><li>Une logistique commune, qui permet des \u00e9conomies\nd\u2019\u00e9chelle (m\u00eame intendance, m\u00eame transport des enfants, des resps et du matos,\nr\u00e9union d\u2019information commune)<\/li><li>Une organisation claire entre les \u00e9quipes de\nresponsables, fix\u00e9e \u00e0 l\u2019avance<\/li><\/ul>\n\n\n\n<p>Passez de tr\u00e8s\nbons camps BC \/ BM cet \u00e9t\u00e9 et les suivants&nbsp;!<\/p>\n\n\n\n<p>Juliette Maupas<\/p>\n\n\n\n<div class=\"wp-block-image\"><figure class=\"aligncenter size-large\"><img decoding=\"async\" src=\"https:\/\/eeudf.org\/paris\/wp-content\/uploads\/sites\/32\/2022\/03\/chant.jpg\" alt=\"\" class=\"wp-image-302\" \/><figcaption>Veill\u00e9e chant<\/figcaption><\/figure><\/div>\n\n\n\n<p>Photos : Edwige Guin et Juliette Maupas (explo)<\/p>\n","protected":false},"excerpt":{"rendered":"<p>La pr\u00e9pa camp est lanc\u00e9e, de nombreux groupes se lancent dans des projets de camp de groupe local, de camp [&hellip;]<\/p>\n","protected":false},"author":111,"featured_media":270,"comment_status":"open","ping_status":"open","sticky":false,"template":"","format":"standard","meta":{"_acf_changed":false,"footnotes":""},"categories":[5],"tags":[],"class_list":["post-297","post","type-post","status-publish","format-standard","has-post-thumbnail","hentry","category-batignolles"],"acf":[],"_links":{"self":[{"href":"https:\/\/eeudf.org\/batignolles\/wp-json\/wp\/v2\/posts\/297"}],"collection":[{"href":"https:\/\/eeudf.org\/batignolles\/wp-json\/wp\/v2\/posts"}],"about":[{"href":"https:\/\/eeudf.org\/batignolles\/wp-json\/wp\/v2\/types\/post"}],"author":[{"embeddable":true,"href":"https:\/\/eeudf.org\/batignolles\/wp-json\/wp\/v2\/users\/111"}],"replies":[{"embeddable":true,"href":"https:\/\/eeudf.org\/batignolles\/wp-json\/wp\/v2\/comments?post=297"}],"version-history":[{"count":0,"href":"https:\/\/eeudf.org\/batignolles\/wp-json\/wp\/v2\/posts\/297\/revisions"}],"wp:featuredmedia":[{"embeddable":true,"href":"https:\/\/eeudf.org\/batignolles\/wp-json\/"}],"wp:attachment":[{"href":"https:\/\/eeudf.org\/batignolles\/wp-json\/wp\/v2\/media?parent=297"}],"wp:term":[{"taxonomy":"category","embeddable":true,"href":"https:\/\/eeudf.org\/batignolles\/wp-json\/wp\/v2\/categories?post=297"},{"taxonomy":"post_tag","embeddable":true,"href":"https:\/\/eeudf.org\/batignolles\/wp-json\/wp\/v2\/tags?post=297"}],"curies":[{"name":"wp","href":"https:\/\/api.w.org\/{rel}","templated":true}]}}