{"id":200,"date":"2018-09-08T10:51:16","date_gmt":"2018-09-08T08:51:16","guid":{"rendered":"http:\/\/eeudf.org\/caen\/?p=53"},"modified":"2018-09-08T10:51:16","modified_gmt":"2018-09-08T08:51:16","slug":"place-aux-assos-2018-caen","status":"publish","type":"post","link":"https:\/\/eeudf.org\/caen\/2018\/09\/08\/place-aux-assos-2018-caen\/","title":{"rendered":"Place aux assos 2018 (Caen)"},"content":{"rendered":"<p>Le samedi 1er septembre nous avons particip\u00e9 au forum des association de Caen. Nous avons rencontr\u00e9 beaucoup de monde. Nous esp\u00e9rons les revoir pour l&rsquo;ann\u00e9e a venir. Merci au Parents, B\u00e9n\u00e9voles et Enfants qui ont particip\u00e9s. Merci au Pole d\u00e9veloppement du Mouvement de nous avoir soutenu sur cette manifestation.\u00a0<img loading=\"lazy\" decoding=\"async\" class=\"wp-image-58 aligncenter\" src=\"http:\/\/eeudf.org\/caen\/wp-content\/uploads\/sites\/50\/2018\/09\/PART_15362236118311-300x225.jpg\" alt=\"PART_1536223611831[1]\" width=\"354\" height=\"265\" \/><\/p>\n","protected":false},"excerpt":{"rendered":"<p>Le samedi 1er septembre nous avons particip\u00e9 au forum des association de Caen. Nous avons rencontr\u00e9 beaucoup de monde. Nous [&hellip;]<\/p>\n","protected":false},"author":3,"featured_media":186,"comment_status":"open","ping_status":"open","sticky":false,"template":"","format":"standard","meta":{"_acf_changed":false,"footnotes":""},"categories":[1],"tags":[],"class_list":["post-200","post","type-post","status-publish","format-standard","has-post-thumbnail","hentry","category-non-classe"],"acf":[],"_links":{"self":[{"href":"https:\/\/eeudf.org\/caen\/wp-json\/wp\/v2\/posts\/200"}],"collection":[{"href":"https:\/\/eeudf.org\/caen\/wp-json\/wp\/v2\/posts"}],"about":[{"href":"https:\/\/eeudf.org\/caen\/wp-json\/wp\/v2\/types\/post"}],"author":[{"embeddable":true,"href":"https:\/\/eeudf.org\/caen\/wp-json\/wp\/v2\/users\/3"}],"replies":[{"embeddable":true,"href":"https:\/\/eeudf.org\/caen\/wp-json\/wp\/v2\/comments?post=200"}],"version-history":[{"count":0,"href":"https:\/\/eeudf.org\/caen\/wp-json\/wp\/v2\/posts\/200\/revisions"}],"wp:featuredmedia":[{"embeddable":true,"href":"https:\/\/eeudf.org\/caen\/wp-json\/wp\/v2\/media\/186"}],"wp:attachment":[{"href":"https:\/\/eeudf.org\/caen\/wp-json\/wp\/v2\/media?parent=200"}],"wp:term":[{"taxonomy":"category","embeddable":true,"href":"https:\/\/eeudf.org\/caen\/wp-json\/wp\/v2\/categories?post=200"},{"taxonomy":"post_tag","embeddable":true,"href":"https:\/\/eeudf.org\/caen\/wp-json\/wp\/v2\/tags?post=200"}],"curies":[{"name":"wp","href":"https:\/\/api.w.org\/{rel}","templated":true}]}}