{"id":458,"date":"2017-02-24T16:18:41","date_gmt":"2017-02-24T14:18:41","guid":{"rendered":"http:\/\/eeudf.org\/paixetmixite\/?p=458"},"modified":"2017-02-24T16:18:41","modified_gmt":"2017-02-24T14:18:41","slug":"egalite-femmes-hommes-et-si-on-comptait","status":"publish","type":"post","link":"https:\/\/eeudf.org\/mixite-genre-sexualites\/2017\/02\/24\/egalite-femmes-hommes-et-si-on-comptait\/","title":{"rendered":"Egalit\u00e9 Femmes-Hommes : Et si on comptait !"},"content":{"rendered":"<p>Lors de la derni\u00e8re Assembl\u00e9e G\u00e9n\u00e9rale, la COMIX a comptabilis\u00e9 le nombre de prises de parole et le temps de parole des filles et des gar\u00e7ons.<\/p>\n<p>Impressionnant : la r\u00e9partition \u00e9tait parfaite !<\/p>\n<p>Le temps de parole et les prises de parole sont r\u00e9partis de mani\u00e8re \u00e9gale entre hommes et femmes, personne ne coupe la parole \u00e0 personne.<\/p>\n<p>Dans vos unit\u00e9s, amusez-vous \u00e0 faire ce petit travail : cela vous permettra de voir si tous les enfants s&rsquo;expriment. Si \u00e7a n&rsquo;est pas le cas, mettez en place des dispositifs. Par exemple, vous pouvez faire des temps en plus petits groupes. Vous pouvez aussi limiter le nombre de prises de parole par personne. Vous verrez que les enfants feront s\u00fbrement plus attention \u00e0 ce que tout le monde s&rsquo;exprime !<\/p>\n<p>N&rsquo;h\u00e9sitez pas \u00e0 faire part de vos constats, de vos exp\u00e9rimentations, de vos objectifs et r\u00e9sultats<\/p>\n<p>en envoyant un mail \u00e0 comix@eeudf.org<\/p>\n<p>&nbsp;<\/p>\n<p>&nbsp;<\/p>\n<div id=\"attachment_459\" style=\"width: 310px\" class=\"wp-caption alignnone\"><a href=\"https:\/\/eeudf.org\/mixite-genre-sexualites\/wp-content\/uploads\/sites\/36\/2017\/02\/AG-2012.jpg\"><img loading=\"lazy\" decoding=\"async\" aria-describedby=\"caption-attachment-459\" class=\"size-medium wp-image-459\" src=\"http:\/\/eeudf.org\/paixetmixite\/wp-content\/uploads\/sites\/12\/2017\/02\/AG-2012-300x199.jpg\" alt=\"\u00a9 EEUDF\" width=\"300\" height=\"199\" srcset=\"https:\/\/eeudf.org\/mixite-genre-sexualites\/wp-content\/uploads\/sites\/36\/2017\/02\/AG-2012-300x199.jpg 300w, https:\/\/eeudf.org\/mixite-genre-sexualites\/wp-content\/uploads\/sites\/36\/2017\/02\/AG-2012-768x508.jpg 768w, https:\/\/eeudf.org\/mixite-genre-sexualites\/wp-content\/uploads\/sites\/36\/2017\/02\/AG-2012.jpg 1000w\" sizes=\"(max-width: 300px) 100vw, 300px\" \/><\/a><p id=\"caption-attachment-459\" class=\"wp-caption-text\">AG 2012 \u00a9 EEUDF<\/p><\/div>\n<p>&nbsp;<\/p>\n","protected":false},"excerpt":{"rendered":"<p>Lors de la derni\u00e8re Assembl\u00e9e G\u00e9n\u00e9rale, la COMIX a comptabilis\u00e9 le nombre de prises de parole et le temps de [&hellip;]<\/p>\n","protected":false},"author":20,"featured_media":465,"comment_status":"open","ping_status":"open","sticky":false,"template":"","format":"standard","meta":{"_acf_changed":false,"footnotes":""},"categories":[5],"tags":[38,11,16,30],"class_list":["post-458","post","type-post","status-publish","format-standard","has-post-thumbnail","hentry","category-mixite","tag-temps-de-parole","tag-comptage","tag-egalite","tag-mesures"],"acf":[],"_links":{"self":[{"href":"https:\/\/eeudf.org\/mixite-genre-sexualites\/wp-json\/wp\/v2\/posts\/458"}],"collection":[{"href":"https:\/\/eeudf.org\/mixite-genre-sexualites\/wp-json\/wp\/v2\/posts"}],"about":[{"href":"https:\/\/eeudf.org\/mixite-genre-sexualites\/wp-json\/wp\/v2\/types\/post"}],"author":[{"embeddable":true,"href":"https:\/\/eeudf.org\/mixite-genre-sexualites\/wp-json\/wp\/v2\/users\/20"}],"replies":[{"embeddable":true,"href":"https:\/\/eeudf.org\/mixite-genre-sexualites\/wp-json\/wp\/v2\/comments?post=458"}],"version-history":[{"count":0,"href":"https:\/\/eeudf.org\/mixite-genre-sexualites\/wp-json\/wp\/v2\/posts\/458\/revisions"}],"wp:featuredmedia":[{"embeddable":true,"href":"https:\/\/eeudf.org\/mixite-genre-sexualites\/wp-json\/wp\/v2\/media\/465"}],"wp:attachment":[{"href":"https:\/\/eeudf.org\/mixite-genre-sexualites\/wp-json\/wp\/v2\/media?parent=458"}],"wp:term":[{"taxonomy":"category","embeddable":true,"href":"https:\/\/eeudf.org\/mixite-genre-sexualites\/wp-json\/wp\/v2\/categories?post=458"},{"taxonomy":"post_tag","embeddable":true,"href":"https:\/\/eeudf.org\/mixite-genre-sexualites\/wp-json\/wp\/v2\/tags?post=458"}],"curies":[{"name":"wp","href":"https:\/\/api.w.org\/{rel}","templated":true}]}}