{"id":30,"date":"2016-11-24T08:00:53","date_gmt":"2016-11-24T07:00:53","guid":{"rendered":"http:\/\/eeudf.org\/montpellier\/?p=30"},"modified":"2016-11-24T08:00:53","modified_gmt":"2016-11-24T07:00:53","slug":"planning-nouvelle-bau-2016-2017","status":"publish","type":"post","link":"https:\/\/eeudf.org\/montpellier-la-gerbe\/2016\/11\/24\/planning-nouvelle-bau-2016-2017\/","title":{"rendered":"Planning de la BAU La Baobab 2016-2017"},"content":{"rendered":"<p><strong>Voici\u00a0le planning de la nouvelle BAU (Branche Ain\u00e9e Unioniste 1i\u00e8re ann\u00e9e: 16-17 ans) pour l\u2019ann\u00e9e 2016-2017<\/strong><\/p>\n<p><strong><em>Week-end\u00a01-2\u00a0octobre :<\/em><\/strong>\u00a0Weekend passage<\/p>\n<p><em><strong>Week-end 19-20 novembre<\/strong><\/em><\/p>\n<p><strong>Samedi 3 d\u00e9cembre:<\/strong> Rangement du local, 9h-17h \u00e0 La Gerbe (ain\u00e9s, responsables, parents)<\/p>\n<p><strong><em>Samedi 10 d\u00e9cembre\u00a0: <\/em><\/strong>Sortie de No\u00ebl<\/p>\n<p><strong><em>Dimanche 11 d\u00e9cembre:<\/em><\/strong> F\u00eate de No\u00ebl de l&rsquo;Eglise protestante, 16h au temple Maguelone<\/p>\n<p><strong><em>Samedi 21 janvier:<\/em><\/strong> Grand loto des EEUdF de La Gerbe, 18h \u00e0 La Gerbe<\/p>\n<p><em><strong>Week-end 28-29 janvier<\/strong><\/em><\/p>\n<p><em><strong>Week-end 25-26 f\u00e9vrier<\/strong><\/em><\/p>\n<p><em><strong>Week-end 25-26 mars<\/strong><\/em><\/p>\n<p><em><strong>Camp de p\u00e2ques crois\u00e9e en avril<\/strong><\/em><\/p>\n<p><em><strong>Week-end 13-14 mai<\/strong><\/em><\/p>\n<p><em><strong>Camp ou week-end Crois\u00e9e r\u00e9gionale\u00a0(date \u00e0 confirmer)<\/strong><\/em><\/p>\n<p><strong><em>Samedi 17 juin: <\/em><\/strong>Sortie du Groupe Local et Assembl\u00e9e\u00a0annuelle<br \/>\n(En pr\u00e9sence de tout le Groupe Local: louveteaux, \u00e9clais, ain\u00e9s, responsables\u00a0et parents)<\/p>\n<p><strong><em>Camp d\u2019\u00e9t\u00e9:<\/em><\/strong>\u00a0Juillet<\/p>\n","protected":false},"excerpt":{"rendered":"<p>Voici\u00a0le planning de la nouvelle BAU (Branche Ain\u00e9e Unioniste 1i\u00e8re ann\u00e9e: 16-17 ans) pour l\u2019ann\u00e9e 2016-2017 Week-end\u00a01-2\u00a0octobre :\u00a0Weekend passage Week-end [&hellip;]<\/p>\n","protected":false},"author":3,"featured_media":182,"comment_status":"open","ping_status":"open","sticky":false,"template":"","format":"standard","meta":{"_acf_changed":false,"footnotes":""},"categories":[5],"tags":[],"class_list":["post-30","post","type-post","status-publish","format-standard","has-post-thumbnail","hentry","category-aines"],"acf":[],"_links":{"self":[{"href":"https:\/\/eeudf.org\/montpellier-la-gerbe\/wp-json\/wp\/v2\/posts\/30"}],"collection":[{"href":"https:\/\/eeudf.org\/montpellier-la-gerbe\/wp-json\/wp\/v2\/posts"}],"about":[{"href":"https:\/\/eeudf.org\/montpellier-la-gerbe\/wp-json\/wp\/v2\/types\/post"}],"author":[{"embeddable":true,"href":"https:\/\/eeudf.org\/montpellier-la-gerbe\/wp-json\/wp\/v2\/users\/3"}],"replies":[{"embeddable":true,"href":"https:\/\/eeudf.org\/montpellier-la-gerbe\/wp-json\/wp\/v2\/comments?post=30"}],"version-history":[{"count":0,"href":"https:\/\/eeudf.org\/montpellier-la-gerbe\/wp-json\/wp\/v2\/posts\/30\/revisions"}],"wp:featuredmedia":[{"embeddable":true,"href":"https:\/\/eeudf.org\/montpellier-la-gerbe\/wp-json\/wp\/v2\/media\/182"}],"wp:attachment":[{"href":"https:\/\/eeudf.org\/montpellier-la-gerbe\/wp-json\/wp\/v2\/media?parent=30"}],"wp:term":[{"taxonomy":"category","embeddable":true,"href":"https:\/\/eeudf.org\/montpellier-la-gerbe\/wp-json\/wp\/v2\/categories?post=30"},{"taxonomy":"post_tag","embeddable":true,"href":"https:\/\/eeudf.org\/montpellier-la-gerbe\/wp-json\/wp\/v2\/tags?post=30"}],"curies":[{"name":"wp","href":"https:\/\/api.w.org\/{rel}","templated":true}]}}