{"id":514,"date":"2017-09-24T21:20:16","date_gmt":"2017-09-24T19:20:16","guid":{"rendered":"http:\/\/eeudf.org\/montpellier\/?p=514"},"modified":"2017-09-24T21:20:16","modified_gmt":"2017-09-24T19:20:16","slug":"aregi-2017-et-cest-repartie","status":"publish","type":"post","link":"https:\/\/eeudf.org\/montpellier-la-gerbe\/2017\/09\/24\/aregi-2017-et-cest-repartie\/","title":{"rendered":"AREGI 2017 et&#8230; c&rsquo;est reparti !"},"content":{"rendered":"<p>Important contingent du groupe local de Montpellier \u00e0 Assembl\u00e9e R\u00e9gionale (AREGI) le week-end du 23-24 septembre \u00e0 V\u00e9z\u00e9nobres: pas moins de 14 responsables et 4 cadres ont fait le d\u00e9placement. En alternant formations, jeux, bilans, projets, chacun\u00a0a pu se projeter dans cette nouvelle ann\u00e9e de scoutisme unioniste. L&rsquo;occasion aussi de se retrouver avec nos amis des autres groupes locaux de la R\u00e9gion :).<\/p>\n<p><img loading=\"lazy\" decoding=\"async\" class=\"alignnone wp-image-515\" src=\"http:\/\/eeudf.org\/montpellier\/wp-content\/uploads\/sites\/35\/2017\/10\/AREGI-1-2-300x135.jpg\" alt=\"AREGI 1 (2)\" width=\"957\" height=\"431\" srcset=\"https:\/\/eeudf.org\/montpellier-la-gerbe\/wp-content\/uploads\/sites\/58\/2017\/10\/AREGI-1-2-300x135.jpg 300w, https:\/\/eeudf.org\/montpellier-la-gerbe\/wp-content\/uploads\/sites\/58\/2017\/10\/AREGI-1-2-1024x462.jpg 1024w, https:\/\/eeudf.org\/montpellier-la-gerbe\/wp-content\/uploads\/sites\/58\/2017\/10\/AREGI-1-2-768x346.jpg 768w, https:\/\/eeudf.org\/montpellier-la-gerbe\/wp-content\/uploads\/sites\/58\/2017\/10\/AREGI-1-2-1536x693.jpg 1536w, https:\/\/eeudf.org\/montpellier-la-gerbe\/wp-content\/uploads\/sites\/58\/2017\/10\/AREGI-1-2.jpg 1800w\" sizes=\"(max-width: 957px) 100vw, 957px\" \/><\/p>\n<p>&nbsp;<\/p>\n","protected":false},"excerpt":{"rendered":"<p>Important contingent du groupe local de Montpellier \u00e0 Assembl\u00e9e R\u00e9gionale (AREGI) le week-end du 23-24 septembre \u00e0 V\u00e9z\u00e9nobres: pas moins [&hellip;]<\/p>\n","protected":false},"author":3,"featured_media":515,"comment_status":"open","ping_status":"open","sticky":false,"template":"","format":"standard","meta":{"_acf_changed":false,"footnotes":""},"categories":[9],"tags":[],"class_list":["post-514","post","type-post","status-publish","format-standard","has-post-thumbnail","hentry","category-region"],"acf":[],"_links":{"self":[{"href":"https:\/\/eeudf.org\/montpellier-la-gerbe\/wp-json\/wp\/v2\/posts\/514"}],"collection":[{"href":"https:\/\/eeudf.org\/montpellier-la-gerbe\/wp-json\/wp\/v2\/posts"}],"about":[{"href":"https:\/\/eeudf.org\/montpellier-la-gerbe\/wp-json\/wp\/v2\/types\/post"}],"author":[{"embeddable":true,"href":"https:\/\/eeudf.org\/montpellier-la-gerbe\/wp-json\/wp\/v2\/users\/3"}],"replies":[{"embeddable":true,"href":"https:\/\/eeudf.org\/montpellier-la-gerbe\/wp-json\/wp\/v2\/comments?post=514"}],"version-history":[{"count":0,"href":"https:\/\/eeudf.org\/montpellier-la-gerbe\/wp-json\/wp\/v2\/posts\/514\/revisions"}],"wp:featuredmedia":[{"embeddable":true,"href":"https:\/\/eeudf.org\/montpellier-la-gerbe\/wp-json\/wp\/v2\/media\/515"}],"wp:attachment":[{"href":"https:\/\/eeudf.org\/montpellier-la-gerbe\/wp-json\/wp\/v2\/media?parent=514"}],"wp:term":[{"taxonomy":"category","embeddable":true,"href":"https:\/\/eeudf.org\/montpellier-la-gerbe\/wp-json\/wp\/v2\/categories?post=514"},{"taxonomy":"post_tag","embeddable":true,"href":"https:\/\/eeudf.org\/montpellier-la-gerbe\/wp-json\/wp\/v2\/tags?post=514"}],"curies":[{"name":"wp","href":"https:\/\/api.w.org\/{rel}","templated":true}]}}