{"id":830,"date":"2017-03-20T12:26:58","date_gmt":"2017-03-20T11:26:58","guid":{"rendered":"http:\/\/eeudf.org\/montpellier\/?p=213"},"modified":"2017-03-20T12:26:58","modified_gmt":"2017-03-20T11:26:58","slug":"week-end-preparation-des-camps-dete-2017","status":"publish","type":"post","link":"https:\/\/eeudf.org\/montpellier-la-gerbe\/2017\/03\/20\/week-end-preparation-des-camps-dete-2017\/","title":{"rendered":"Week-end pr\u00e9paration des camps d&rsquo;\u00e9t\u00e9 2017"},"content":{"rendered":"<p>Les responsables et cadres de Montpellier ont particip\u00e9 les 18 et 19 mars au week-end de pr\u00e9paration des camps d&rsquo;\u00e9t\u00e9 2017 organis\u00e9 par l&rsquo;\u00e9quipe r\u00e9gionale. Projet p\u00e9dagogique, \u00e9quipe, organisation, formation&#8230; et jeux \u00e9taient au programme de ce moment fort de l&rsquo;ann\u00e9e. C&rsquo;est aussi l&rsquo;occasion de faire connaissance ou de retrouver les responsables et cadres des autres groupes locaux de la R\u00e9gion.<\/p>\n<p><img loading=\"lazy\" decoding=\"async\" class=\"alignnone wp-image-214\" src=\"http:\/\/eeudf.org\/montpellier\/wp-content\/uploads\/sites\/35\/2017\/03\/IMG_8393-300x201.jpg\" alt=\"IMG_8393\" width=\"458\" height=\"307\" \/><\/p>\n<p>Un\u00a0jeu anim\u00e9 par l&rsquo;\u00e9quipe r\u00e9gionale (photo) nous a permis de d\u00e9couvrir les derni\u00e8res \u00e9volutions de\u00a0la p\u00e9dagogie de chaque branche du mouvement.<\/p>\n<p><em>Nicolas (Cerf)<\/em><\/p>\n","protected":false},"excerpt":{"rendered":"<p>Les responsables et cadres de Montpellier ont particip\u00e9 les 18 et 19 mars au week-end de pr\u00e9paration des camps d&rsquo;\u00e9t\u00e9 [&hellip;]<\/p>\n","protected":false},"author":3,"featured_media":216,"comment_status":"open","ping_status":"open","sticky":false,"template":"","format":"standard","meta":{"_acf_changed":false,"footnotes":""},"categories":[9],"tags":[],"class_list":["post-830","post","type-post","status-publish","format-standard","has-post-thumbnail","hentry","category-region"],"acf":[],"_links":{"self":[{"href":"https:\/\/eeudf.org\/montpellier-la-gerbe\/wp-json\/wp\/v2\/posts\/830"}],"collection":[{"href":"https:\/\/eeudf.org\/montpellier-la-gerbe\/wp-json\/wp\/v2\/posts"}],"about":[{"href":"https:\/\/eeudf.org\/montpellier-la-gerbe\/wp-json\/wp\/v2\/types\/post"}],"author":[{"embeddable":true,"href":"https:\/\/eeudf.org\/montpellier-la-gerbe\/wp-json\/wp\/v2\/users\/3"}],"replies":[{"embeddable":true,"href":"https:\/\/eeudf.org\/montpellier-la-gerbe\/wp-json\/wp\/v2\/comments?post=830"}],"version-history":[{"count":0,"href":"https:\/\/eeudf.org\/montpellier-la-gerbe\/wp-json\/wp\/v2\/posts\/830\/revisions"}],"wp:featuredmedia":[{"embeddable":true,"href":"https:\/\/eeudf.org\/montpellier-la-gerbe\/wp-json\/wp\/v2\/media\/216"}],"wp:attachment":[{"href":"https:\/\/eeudf.org\/montpellier-la-gerbe\/wp-json\/wp\/v2\/media?parent=830"}],"wp:term":[{"taxonomy":"category","embeddable":true,"href":"https:\/\/eeudf.org\/montpellier-la-gerbe\/wp-json\/wp\/v2\/categories?post=830"},{"taxonomy":"post_tag","embeddable":true,"href":"https:\/\/eeudf.org\/montpellier-la-gerbe\/wp-json\/wp\/v2\/tags?post=830"}],"curies":[{"name":"wp","href":"https:\/\/api.w.org\/{rel}","templated":true}]}}