{"id":1060,"date":"2018-02-01T18:54:16","date_gmt":"2018-02-01T17:54:16","guid":{"rendered":"http:\/\/eeudf.org\/nord\/?p=1060"},"modified":"2018-02-01T18:54:16","modified_gmt":"2018-02-01T17:54:16","slug":"lassemblee-generale-ag-attire-la-region-nord","status":"publish","type":"post","link":"https:\/\/eeudf.org\/nord\/2018\/02\/01\/lassemblee-generale-ag-attire-la-region-nord\/","title":{"rendered":"L&rsquo;Assembl\u00e9e G\u00e9n\u00e9rale (AG) attire la r\u00e9gion Nord"},"content":{"rendered":"<h5>L&rsquo;Assembl\u00e9e G\u00e9n\u00e9rale (AG) des EEUdF se tenait \u00e0 Bordeaux les 27 et 28 janvier 2018. La r\u00e9gion Nord s&rsquo;est mobilis\u00e9e pour l&rsquo;occasion : lecture des documents pr\u00e9paratoires, identification des sujets, d\u00e9bats et visite sur place, tout a \u00e9t\u00e9 fait pour que chacun soit accompagn\u00e9. Et comme nous y \u00e9tions, nous vous proposons de revivre ce grand rassemblement de d\u00e9mocratie participative.<\/h5>\n<h2>Un grand moment pour les EEUdF<\/h2>\n<p>C&rsquo;est foulards et chemises sur le dos que les curieux de la r\u00e9gion Nord se sont rendus \u00e0 Bordeaux les 27 et 28 janvier 2018 pour l&rsquo;Assembl\u00e9e G\u00e9n\u00e9rale (AG) des EEUdF. Un \u00e9v\u00e9nement attendu et pr\u00e9par\u00e9 avec attention pour lesquels les d\u00e9l\u00e9gu\u00e9s ont traditionnellement le droit de vote et les accompagnateurs, le droit d&rsquo;expression. Des propositions, des interpellations, des textes fondamentaux, des budgets&#8230; l&rsquo;AG est l&rsquo;occasion de modifier les textes fondamentaux, de prendre des d\u00e9cisions qui engagent l&rsquo;ensemble de l&rsquo;association. Le Conseil d&rsquo;Administration (CA), compos\u00e9 d&rsquo;un membre par r\u00e9gion EEUdF, \u00e9tait pr\u00e9sent. Pour le Nord, Pauline notre administratrice, a pris part aux d\u00e9bats tout en accompagnant les d\u00e9l\u00e9gu\u00e9s pr\u00e9sents :<\/p>\n<blockquote><p>\u00ab\u00a0Il s&rsquo;agit d&rsquo;un grand moment pour l&rsquo;association et je suis ravie que la r\u00e9gion se mobilise pour s&rsquo;y rendre !\u00a0\u00bb s&rsquo;enthousiasme Pauline. \u00ab\u00a0Nous allons pouvoir en discuter en r\u00e9gion ensuite et communiquer davantage les d\u00e9cisions prises par le Bureau et le CA, une vraie bonne nouvelle.\u00a0\u00bb<\/p><\/blockquote>\n<p><a href=\"https:\/\/eeudf.org\/nord\/wp-content\/uploads\/sites\/29\/2018\/02\/27500396_410432572727978_4052768058661132586_o.jpg\"><img loading=\"lazy\" decoding=\"async\" class=\"aligncenter size-large wp-image-1066\" src=\"http:\/\/eeudf.org\/nord\/wp-content\/uploads\/sites\/3\/2018\/02\/27500396_410432572727978_4052768058661132586_o-1024x569.jpg\" alt=\"27500396_410432572727978_4052768058661132586_o\" width=\"1024\" height=\"569\" srcset=\"https:\/\/eeudf.org\/nord\/wp-content\/uploads\/sites\/29\/2018\/02\/27500396_410432572727978_4052768058661132586_o-1024x569.jpg 1024w, https:\/\/eeudf.org\/nord\/wp-content\/uploads\/sites\/29\/2018\/02\/27500396_410432572727978_4052768058661132586_o-300x167.jpg 300w, https:\/\/eeudf.org\/nord\/wp-content\/uploads\/sites\/29\/2018\/02\/27500396_410432572727978_4052768058661132586_o-768x427.jpg 768w, https:\/\/eeudf.org\/nord\/wp-content\/uploads\/sites\/29\/2018\/02\/27500396_410432572727978_4052768058661132586_o.jpg 1440w\" sizes=\"(max-width: 1024px) 100vw, 1024px\" \/><\/a><\/p>\n<p>Le Bureau ? Comme toute association, le Bureau repr\u00e9sente les adh\u00e9rents. Compos\u00e9 d&rsquo;un.e pr\u00e9sident.e, d&rsquo;un.e tr\u00e9sorier.e, d&rsquo;un.e vice-pr\u00e9sident.e et d&rsquo;un.e secr\u00e9taire b\u00e9n\u00e9voles au minimum, il prend les d\u00e9cisions pour l&rsquo;association. Bilan : les comptes sont bien g\u00e9r\u00e9s, l&rsquo;association va bien et les d\u00e9bats, fournis et nombreux, font avancer la gouvernance de l&rsquo;association et b\u00e9n\u00e9ficient \u00e0 ses adh\u00e9rents.<\/p>\n<blockquote><p>\u00ab\u00a0Je fais le point sur le moteur de notre action : cette chose qui nous fait \u00eatre heureux \u00e0 l&rsquo;id\u00e9e de camper avec une horde de gamins surexcit\u00e9s dans un hangar sous-chauff\u00e9. C&rsquo;est l&rsquo;engagement en somme.\u00a0\u00bb explique Pierre Msika, pr\u00e9sident des EEUdF \u00e0 l&rsquo;occasion de son rapport moral.<\/p><\/blockquote>\n<p>L&rsquo;AG permet d&rsquo;\u00e9lire les membres du Conseil d&rsquo;Administration (CA). Tous les administrateurs qui se sont pr\u00e9sent\u00e9s ont \u00e9t\u00e9 \u00e9lus. F\u00e9licitations \u00e0 eux !<\/p>\n<p><a href=\"https:\/\/eeudf.org\/nord\/wp-content\/uploads\/sites\/29\/2018\/02\/27540694_10159864014785623_7714340569775783298_n.jpg\"><img loading=\"lazy\" decoding=\"async\" class=\"aligncenter size-full wp-image-1063\" src=\"https:\/\/eeudf.org\/nord\/wp-content\/uploads\/sites\/29\/2018\/02\/27540694_10159864014785623_7714340569775783298_n.jpg\" alt=\"27540694_10159864014785623_7714340569775783298_n\" width=\"960\" height=\"640\" srcset=\"https:\/\/eeudf.org\/nord\/wp-content\/uploads\/sites\/29\/2018\/02\/27540694_10159864014785623_7714340569775783298_n.jpg 960w, https:\/\/eeudf.org\/nord\/wp-content\/uploads\/sites\/29\/2018\/02\/27540694_10159864014785623_7714340569775783298_n-300x200.jpg 300w, https:\/\/eeudf.org\/nord\/wp-content\/uploads\/sites\/29\/2018\/02\/27540694_10159864014785623_7714340569775783298_n-768x512.jpg 768w\" sizes=\"(max-width: 960px) 100vw, 960px\" \/><\/a><\/p>\n<h2><strong>Zoom sur le Congr\u00e8s 2018<\/strong><\/h2>\n<p>L&rsquo;AG \u00e9tait l&rsquo;occasion \u00e9galement de promouvoir le Congr\u00e8s 2018 qui aura lieu du 31 octobre au 3 novembre 2018. Destin\u00e9 aux adultes de l&rsquo;association, ce rassemblement permettra de faire vivre la rencontre et l&rsquo;engagement dans notre association et de r\u00e9fl\u00e9chir aux textes fondateurs. Le Rapport d&rsquo;Orientation sera notamment d\u00e9battu et repens\u00e9 \u00e0 cette occasion. L&rsquo;\u00e9quipe de b\u00e9n\u00e9voles organisateurs a fait vivre la simplicit\u00e9 volontaire, la d\u00e9mocratie participative, la rencontre et l&rsquo;engagement, grands piliers de ce Congr\u00e8s, en proposant un jeu bas\u00e9 sur le programme de cet \u00e9v\u00e9nement. Le voile s&rsquo;est lev\u00e9 progressivement sur les temps forts, gr\u00e2ce \u00e0 l&rsquo;implication de tous les participants \u00e0 l&rsquo;AG.<\/p>\n<h2><strong>Une organisation salu\u00e9e<\/strong><\/h2>\n<p>La r\u00e9gion Aquitaine, qui organisait ce grand \u00e9v\u00e9nement, a \u00e9t\u00e9 salu\u00e9e et remerci\u00e9e. L&rsquo;organisation \u00e9tait bien pens\u00e9e et chaque personne s&rsquo;est sentie \u00e0 sa place. H\u00e9bergement, restauration, temps forts et veill\u00e9e ont \u00e9t\u00e9 g\u00e9r\u00e9s avec perfection et bonne humeur. Un bon point sans lequel, l&rsquo;AG 2018 de Bordeaux n&rsquo;aurait pas \u00e9t\u00e9 aussi appr\u00e9ci\u00e9e !<\/p>\n<p>Rendez-vous l&rsquo;ann\u00e9e prochaine en Franche-Comt\u00e9 Bourgogne Pays de Montb\u00e9liard !<\/p>\n<p><a href=\"https:\/\/eeudf.org\/nord\/wp-content\/uploads\/sites\/29\/2018\/02\/27459355_10159864017220623_620734909537120059_n.jpg\"><img loading=\"lazy\" decoding=\"async\" class=\"aligncenter size-full wp-image-1065\" src=\"https:\/\/eeudf.org\/nord\/wp-content\/uploads\/sites\/29\/2018\/02\/27459355_10159864017220623_620734909537120059_n.jpg\" alt=\"27459355_10159864017220623_620734909537120059_n\" width=\"960\" height=\"640\" srcset=\"https:\/\/eeudf.org\/nord\/wp-content\/uploads\/sites\/29\/2018\/02\/27459355_10159864017220623_620734909537120059_n.jpg 960w, https:\/\/eeudf.org\/nord\/wp-content\/uploads\/sites\/29\/2018\/02\/27459355_10159864017220623_620734909537120059_n-300x200.jpg 300w, https:\/\/eeudf.org\/nord\/wp-content\/uploads\/sites\/29\/2018\/02\/27459355_10159864017220623_620734909537120059_n-768x512.jpg 768w\" sizes=\"(max-width: 960px) 100vw, 960px\" \/><\/a><\/p>\n","protected":false},"excerpt":{"rendered":"<p>L&rsquo;Assembl\u00e9e G\u00e9n\u00e9rale (AG) des EEUdF se tenait \u00e0 Bordeaux les 27 et 28 janvier 2018. La r\u00e9gion Nord s&rsquo;est mobilis\u00e9e [&hellip;]<\/p>\n","protected":false},"author":3,"featured_media":1064,"comment_status":"open","ping_status":"open","sticky":false,"template":"","format":"standard","meta":{"_acf_changed":false,"footnotes":""},"categories":[5],"tags":[34,55,70,92,107,124,248],"class_list":["post-1060","post","type-post","status-publish","format-standard","has-post-thumbnail","hentry","category-region-nord","tag-34","tag-assemblee-generale","tag-bordeaux","tag-congres","tag-democratie-participative","tag-eeudf","tag-scoutisme"],"acf":[],"_links":{"self":[{"href":"https:\/\/eeudf.org\/nord\/wp-json\/wp\/v2\/posts\/1060"}],"collection":[{"href":"https:\/\/eeudf.org\/nord\/wp-json\/wp\/v2\/posts"}],"about":[{"href":"https:\/\/eeudf.org\/nord\/wp-json\/wp\/v2\/types\/post"}],"author":[{"embeddable":true,"href":"https:\/\/eeudf.org\/nord\/wp-json\/wp\/v2\/users\/3"}],"replies":[{"embeddable":true,"href":"https:\/\/eeudf.org\/nord\/wp-json\/wp\/v2\/comments?post=1060"}],"version-history":[{"count":0,"href":"https:\/\/eeudf.org\/nord\/wp-json\/wp\/v2\/posts\/1060\/revisions"}],"wp:featuredmedia":[{"embeddable":true,"href":"https:\/\/eeudf.org\/nord\/wp-json\/wp\/v2\/media\/1064"}],"wp:attachment":[{"href":"https:\/\/eeudf.org\/nord\/wp-json\/wp\/v2\/media?parent=1060"}],"wp:term":[{"taxonomy":"category","embeddable":true,"href":"https:\/\/eeudf.org\/nord\/wp-json\/wp\/v2\/categories?post=1060"},{"taxonomy":"post_tag","embeddable":true,"href":"https:\/\/eeudf.org\/nord\/wp-json\/wp\/v2\/tags?post=1060"}],"curies":[{"name":"wp","href":"https:\/\/api.w.org\/{rel}","templated":true}]}}