{"id":310,"date":"2015-06-07T10:39:22","date_gmt":"2015-06-07T09:39:22","guid":{"rendered":"http:\/\/eeudf.org\/nord\/?p=310"},"modified":"2015-06-07T10:39:22","modified_gmt":"2015-06-07T09:39:22","slug":"invitation-folklore-camp-dete-2015","status":"publish","type":"post","link":"https:\/\/eeudf.org\/nord\/2015\/06\/07\/invitation-folklore-camp-dete-2015\/","title":{"rendered":"Invitation Folklore camp d&rsquo;\u00e9t\u00e9 2015"},"content":{"rendered":"<p>Retrouvez l&rsquo;invitation du camp de cet \u00e9t\u00e9 pour Reims, Nancy, Le Havre.<\/p>\n<p><a href=\"http:\/\/eeudf.org\/nord\/wp-content\/uploads\/sites\/3\/2015\/06\/H\u00e0VInvitExterieurP1P4.pdf\">Histoire \u00e0 vivre &#8211; Invitation Ext\u00e9rieur 2015<\/a><\/p>\n<p><a href=\"http:\/\/eeudf.org\/nord\/wp-content\/uploads\/sites\/3\/2015\/06\/H\u00e0VInvitInterieurP2P3.pdf\">Histoire \u00e0 vivre &#8211; Invitation Int\u00e9rieur<\/a><\/p>\n<p>Afin de pr\u00e9server le suspens, l&rsquo;histoire compl\u00e8te et le dossier de camp seront publi\u00e9s le jour du d\u00e9part au camp.<\/p>\n<p>A suivre&#8230;<\/p>\n","protected":false},"excerpt":{"rendered":"<p>Retrouvez l&rsquo;invitation du camp de cet \u00e9t\u00e9 pour Reims, Nancy, Le Havre. Histoire \u00e0 vivre &#8211; Invitation Ext\u00e9rieur 2015 Histoire [&hellip;]<\/p>\n","protected":false},"author":3,"featured_media":312,"comment_status":"open","ping_status":"open","sticky":false,"template":"","format":"standard","meta":{"_acf_changed":false,"footnotes":""},"categories":[11,12],"tags":[30,79,156,169,191,237],"class_list":["post-310","post","type-post","status-publish","format-standard","has-post-thumbnail","hentry","category-camps","category-camps-2015","tag-30","tag-camp-dete","tag-iinvitation","tag-le-havre","tag-nancy","tag-reims"],"acf":[],"_links":{"self":[{"href":"https:\/\/eeudf.org\/nord\/wp-json\/wp\/v2\/posts\/310"}],"collection":[{"href":"https:\/\/eeudf.org\/nord\/wp-json\/wp\/v2\/posts"}],"about":[{"href":"https:\/\/eeudf.org\/nord\/wp-json\/wp\/v2\/types\/post"}],"author":[{"embeddable":true,"href":"https:\/\/eeudf.org\/nord\/wp-json\/wp\/v2\/users\/3"}],"replies":[{"embeddable":true,"href":"https:\/\/eeudf.org\/nord\/wp-json\/wp\/v2\/comments?post=310"}],"version-history":[{"count":0,"href":"https:\/\/eeudf.org\/nord\/wp-json\/wp\/v2\/posts\/310\/revisions"}],"wp:featuredmedia":[{"embeddable":true,"href":"https:\/\/eeudf.org\/nord\/wp-json\/wp\/v2\/media\/312"}],"wp:attachment":[{"href":"https:\/\/eeudf.org\/nord\/wp-json\/wp\/v2\/media?parent=310"}],"wp:term":[{"taxonomy":"category","embeddable":true,"href":"https:\/\/eeudf.org\/nord\/wp-json\/wp\/v2\/categories?post=310"},{"taxonomy":"post_tag","embeddable":true,"href":"https:\/\/eeudf.org\/nord\/wp-json\/wp\/v2\/tags?post=310"}],"curies":[{"name":"wp","href":"https:\/\/api.w.org\/{rel}","templated":true}]}}