{"id":427,"date":"2015-09-16T17:10:12","date_gmt":"2015-09-16T16:10:12","guid":{"rendered":"http:\/\/eeudf.org\/nord\/?p=427"},"modified":"2015-09-16T17:10:12","modified_gmt":"2015-09-16T16:10:12","slug":"aregi-2015-gooooo","status":"publish","type":"post","link":"https:\/\/eeudf.org\/nord\/2015\/09\/16\/aregi-2015-gooooo\/","title":{"rendered":"Ar\u00e9gi 2015 : gooooo !"},"content":{"rendered":"<p style=\"text-align: justify\"><strong>Une nouvelle ann\u00e9e commence, et avec elle son lot d&rsquo;activit\u00e9s, de jeux, de r\u00e9flexions et de moments spi&#8230; En un mot : ses moments de joie ! L&rsquo;ann\u00e9e 2015-2016 d\u00e9marre sur les chapeaux de roue avec l&rsquo;Ar\u00e9gi &#8211; Assembl\u00e9e R\u00e9gionale &#8211; qui s&rsquo;est tenue les 12 et 13 septembre 2015. Au programme : le plan d&rsquo;actions r\u00e9gional, le plan d&rsquo;actions national, les traditionnelles pr\u00e9sentations d&rsquo;ann\u00e9e et de camps et autres sujets choisis. Retour en images et en anecdotes sur un bon cru. Comme si vous y \u00e9tiez ! (cliquez sur les images pour voir les images en grande taille)<\/strong><\/p>\n\n\t\t<style type=\"text\/css\">\n\t\t\t#gallery-1 {\n\t\t\t\tmargin: auto;\n\t\t\t}\n\t\t\t#gallery-1 .gallery-item {\n\t\t\t\tfloat: left;\n\t\t\t\tmargin-top: 10px;\n\t\t\t\ttext-align: center;\n\t\t\t\twidth: 20%;\n\t\t\t}\n\t\t\t#gallery-1 img {\n\t\t\t\tborder: 2px solid #cfcfcf;\n\t\t\t}\n\t\t\t#gallery-1 .gallery-caption {\n\t\t\t\tmargin-left: 0;\n\t\t\t}\n\t\t\t\/* see gallery_shortcode() in wp-includes\/media.php *\/\n\t\t<\/style>\n\t\t<div id='gallery-1' class='gallery galleryid-427 gallery-columns-5 gallery-size-thumbnail'><dl class='gallery-item'>\n\t\t\t<dt class='gallery-icon landscape'>\n\t\t\t\t<a href='https:\/\/eeudf.org\/nord\/img_0002\/'><img loading=\"lazy\" decoding=\"async\" width=\"150\" height=\"150\" src=\"https:\/\/eeudf.org\/nord\/wp-content\/uploads\/sites\/29\/2015\/09\/IMG_0002-150x150.jpg\" class=\"attachment-thumbnail size-thumbnail\" alt=\"\" aria-describedby=\"gallery-1-438\" \/><\/a>\n\t\t\t<\/dt>\n\t\t\t\t<dd class='wp-caption-text gallery-caption' id='gallery-1-438'>\n\t\t\t\tLe drapeau flotte au vent, les ordinateurs bourdonnent, les chaises attendent sagement leur propri\u00e9taire&#8230;  l&rsquo;Ar\u00e9gi 2015 est en marche. D\u00e9marrage dans 3&#8230;2&#8230;1&#8230; TOP !\n\t\t\t\t<\/dd><\/dl><dl class='gallery-item'>\n\t\t\t<dt class='gallery-icon landscape'>\n\t\t\t\t<a href='https:\/\/eeudf.org\/nord\/img_0019\/'><img loading=\"lazy\" decoding=\"async\" width=\"150\" height=\"150\" src=\"https:\/\/eeudf.org\/nord\/wp-content\/uploads\/sites\/29\/2015\/09\/IMG_0019-150x150.jpg\" class=\"attachment-thumbnail size-thumbnail\" alt=\"\" aria-describedby=\"gallery-1-439\" \/><\/a>\n\t\t\t<\/dt>\n\t\t\t\t<dd class='wp-caption-text gallery-caption' id='gallery-1-439'>\n\t\t\t\tLes invit\u00e9s arrivent. Certains installent leur tente (avec difficult\u00e9s non ?)&#8230;\n\t\t\t\t<\/dd><\/dl><dl class='gallery-item'>\n\t\t\t<dt class='gallery-icon landscape'>\n\t\t\t\t<a href='https:\/\/eeudf.org\/nord\/img_0020\/'><img loading=\"lazy\" decoding=\"async\" width=\"150\" height=\"150\" src=\"https:\/\/eeudf.org\/nord\/wp-content\/uploads\/sites\/29\/2015\/09\/IMG_0020-150x150.jpg\" class=\"attachment-thumbnail size-thumbnail\" alt=\"\" aria-describedby=\"gallery-1-440\" \/><\/a>\n\t\t\t<\/dt>\n\t\t\t\t<dd class='wp-caption-text gallery-caption' id='gallery-1-440'>\n\t\t\t\t&#8230; pendant que d&rsquo;autres se retrouvent autour d&rsquo;un bon pique-nique !\n\t\t\t\t<\/dd><\/dl><dl class='gallery-item'>\n\t\t\t<dt class='gallery-icon landscape'>\n\t\t\t\t<a href='https:\/\/eeudf.org\/nord\/img_0081\/'><img loading=\"lazy\" decoding=\"async\" width=\"150\" height=\"150\" src=\"https:\/\/eeudf.org\/nord\/wp-content\/uploads\/sites\/29\/2015\/09\/IMG_0081-150x150.jpg\" class=\"attachment-thumbnail size-thumbnail\" alt=\"\" aria-describedby=\"gallery-1-441\" \/><\/a>\n\t\t\t<\/dt>\n\t\t\t\t<dd class='wp-caption-text gallery-caption' id='gallery-1-441'>\n\t\t\t\t14h30 : les \u00e9quipes se retrouvent, se racontent des anecdotes. \u00ab\u00a0Bonjour, bienvenue \u00e0 tous pour cette Ar\u00e9gi 2015 ici \u00e0 Reims !\u00a0\u00bb lance un Vincent, coordonnateur de la r\u00e9gion Nord, tonitruant.\n\t\t\t\t<\/dd><\/dl><dl class='gallery-item'>\n\t\t\t<dt class='gallery-icon landscape'>\n\t\t\t\t<a href='https:\/\/eeudf.org\/nord\/img_0084-2\/'><img loading=\"lazy\" decoding=\"async\" width=\"150\" height=\"150\" src=\"https:\/\/eeudf.org\/nord\/wp-content\/uploads\/sites\/29\/2015\/09\/IMG_0084-150x150.jpg\" class=\"attachment-thumbnail size-thumbnail\" alt=\"\" aria-describedby=\"gallery-1-442\" \/><\/a>\n\t\t\t<\/dt>\n\t\t\t\t<dd class='wp-caption-text gallery-caption' id='gallery-1-442'>\n\t\t\t\t15h00 : Pour ne pas s&rsquo;endormir, les invit\u00e9s se pr\u00eatent \u00e0 un jeu. Ils ont tous un organigramme du mouvement sous les yeux. Le but : remplir les blancs et trouver les activit\u00e9s et titres de chacun.\n\t\t\t\t<\/dd><\/dl><br style=\"clear: both\" \/><dl class='gallery-item'>\n\t\t\t<dt class='gallery-icon landscape'>\n\t\t\t\t<a href='https:\/\/eeudf.org\/nord\/img_0086-2\/'><img loading=\"lazy\" decoding=\"async\" width=\"150\" height=\"150\" src=\"https:\/\/eeudf.org\/nord\/wp-content\/uploads\/sites\/29\/2015\/09\/IMG_0086-150x150.jpg\" class=\"attachment-thumbnail size-thumbnail\" alt=\"\" aria-describedby=\"gallery-1-443\" \/><\/a>\n\t\t\t<\/dt>\n\t\t\t\t<dd class='wp-caption-text gallery-caption' id='gallery-1-443'>\n\t\t\t\tLes m\u00e9ninges travaillent, les t\u00eates se creusent, pas si facile de remplir ces blancs !\n\t\t\t\t<\/dd><\/dl><dl class='gallery-item'>\n\t\t\t<dt class='gallery-icon landscape'>\n\t\t\t\t<a href='https:\/\/eeudf.org\/nord\/p1270654\/'><img loading=\"lazy\" decoding=\"async\" width=\"150\" height=\"150\" src=\"https:\/\/eeudf.org\/nord\/wp-content\/uploads\/sites\/29\/2015\/09\/P1270654-150x150.jpg\" class=\"attachment-thumbnail size-thumbnail\" alt=\"\" aria-describedby=\"gallery-1-444\" \/><\/a>\n\t\t\t<\/dt>\n\t\t\t\t<dd class='wp-caption-text gallery-caption' id='gallery-1-444'>\n\t\t\t\t16h00 : place aux pr\u00e9sentations d&rsquo;ann\u00e9e et de camps d&rsquo;\u00e9t\u00e9. Les Lions, a\u00een\u00e9s \u00e0 Lille, nous racontent leur voyage au Cambodge&#8230;\n\t\t\t\t<\/dd><\/dl><dl class='gallery-item'>\n\t\t\t<dt class='gallery-icon landscape'>\n\t\t\t\t<a href='https:\/\/eeudf.org\/nord\/p1270658\/'><img loading=\"lazy\" decoding=\"async\" width=\"150\" height=\"150\" src=\"https:\/\/eeudf.org\/nord\/wp-content\/uploads\/sites\/29\/2015\/09\/P1270658-150x150.jpg\" class=\"attachment-thumbnail size-thumbnail\" alt=\"\" aria-describedby=\"gallery-1-445\" \/><\/a>\n\t\t\t<\/dt>\n\t\t\t\t<dd class='wp-caption-text gallery-caption' id='gallery-1-445'>\n\t\t\t\t&#8230;sous le regard amus\u00e9 et admiratif des \u00e9quipes, Anne-Lise leur responsable au centre.\n\t\t\t\t<\/dd><\/dl><dl class='gallery-item'>\n\t\t\t<dt class='gallery-icon landscape'>\n\t\t\t\t<a href='https:\/\/eeudf.org\/nord\/p1270672\/'><img loading=\"lazy\" decoding=\"async\" width=\"150\" height=\"150\" src=\"https:\/\/eeudf.org\/nord\/wp-content\/uploads\/sites\/29\/2015\/09\/P1270672-150x150.jpg\" class=\"attachment-thumbnail size-thumbnail\" alt=\"\" aria-describedby=\"gallery-1-446\" \/><\/a>\n\t\t\t<\/dt>\n\t\t\t\t<dd class='wp-caption-text gallery-caption' id='gallery-1-446'>\n\t\t\t\t16h30 : Pause ! Vincent et Anne-Lise en profitent pour immortaliser leurs anciens louveteaux, devenus aujourd&rsquo;hui responsables dans la r\u00e9gion Nord.\n\t\t\t\t<\/dd><\/dl><dl class='gallery-item'>\n\t\t\t<dt class='gallery-icon landscape'>\n\t\t\t\t<a href='https:\/\/eeudf.org\/nord\/p1270679\/'><img loading=\"lazy\" decoding=\"async\" width=\"150\" height=\"150\" src=\"https:\/\/eeudf.org\/nord\/wp-content\/uploads\/sites\/29\/2015\/09\/P1270679-150x150.jpg\" class=\"attachment-thumbnail size-thumbnail\" alt=\"\" aria-describedby=\"gallery-1-447\" \/><\/a>\n\t\t\t<\/dt>\n\t\t\t\t<dd class='wp-caption-text gallery-caption' id='gallery-1-447'>\n\t\t\t\tL&rsquo;Ar\u00e9gi 2015 toute enti\u00e8re pose sous l&rsquo;oeil objectif du retardateur. \u00ab\u00a0Cheeeeese, souriez !\u00a0\u00bb\n\t\t\t\t<\/dd><\/dl><br style=\"clear: both\" \/><dl class='gallery-item'>\n\t\t\t<dt class='gallery-icon landscape'>\n\t\t\t\t<a href='https:\/\/eeudf.org\/nord\/p1270680\/'><img loading=\"lazy\" decoding=\"async\" width=\"150\" height=\"150\" src=\"https:\/\/eeudf.org\/nord\/wp-content\/uploads\/sites\/29\/2015\/09\/P1270680-150x150.jpg\" class=\"attachment-thumbnail size-thumbnail\" alt=\"\" aria-describedby=\"gallery-1-448\" \/><\/a>\n\t\t\t<\/dt>\n\t\t\t\t<dd class='wp-caption-text gallery-caption' id='gallery-1-448'>\n\t\t\t\tMais tout \u00e0 coup, la machine s&#8217;emballe, les responsables s&rsquo;agitent et la photo se transforme en masse humaine mouvante !\n\t\t\t\t<\/dd><\/dl><dl class='gallery-item'>\n\t\t\t<dt class='gallery-icon landscape'>\n\t\t\t\t<a href='https:\/\/eeudf.org\/nord\/p1270703-2\/'><img loading=\"lazy\" decoding=\"async\" width=\"150\" height=\"150\" src=\"https:\/\/eeudf.org\/nord\/wp-content\/uploads\/sites\/29\/2015\/09\/P1270703-150x150.jpg\" class=\"attachment-thumbnail size-thumbnail\" alt=\"\" aria-describedby=\"gallery-1-449\" \/><\/a>\n\t\t\t<\/dt>\n\t\t\t\t<dd class='wp-caption-text gallery-caption' id='gallery-1-449'>\n\t\t\t\t16h45 : l&rsquo;Equipe R\u00e9gionale au complet pose, Van Out derri\u00e8re l&rsquo;objectif.\n\t\t\t\t<\/dd><\/dl><dl class='gallery-item'>\n\t\t\t<dt class='gallery-icon landscape'>\n\t\t\t\t<a href='https:\/\/eeudf.org\/nord\/p1270716-2\/'><img loading=\"lazy\" decoding=\"async\" width=\"150\" height=\"150\" src=\"https:\/\/eeudf.org\/nord\/wp-content\/uploads\/sites\/29\/2015\/09\/P1270716-150x150.jpg\" class=\"attachment-thumbnail size-thumbnail\" alt=\"\" aria-describedby=\"gallery-1-450\" \/><\/a>\n\t\t\t<\/dt>\n\t\t\t\t<dd class='wp-caption-text gallery-caption' id='gallery-1-450'>\n\t\t\t\tMais voil\u00e0 que Vincent, auto-proclam\u00e9 chef, exige de se faire porter, ce qui provoque des \u00e9clats de rire des responsables derri\u00e8re l&rsquo;objectif et de l&rsquo;\u00e9quipe !\n\t\t\t\t<\/dd><\/dl><dl class='gallery-item'>\n\t\t\t<dt class='gallery-icon landscape'>\n\t\t\t\t<a href='https:\/\/eeudf.org\/nord\/p1270739\/'><img loading=\"lazy\" decoding=\"async\" width=\"150\" height=\"150\" src=\"https:\/\/eeudf.org\/nord\/wp-content\/uploads\/sites\/29\/2015\/09\/P1270739-150x150.jpg\" class=\"attachment-thumbnail size-thumbnail\" alt=\"\" aria-describedby=\"gallery-1-451\" \/><\/a>\n\t\t\t<\/dt>\n\t\t\t\t<dd class='wp-caption-text gallery-caption' id='gallery-1-451'>\n\t\t\t\tApr\u00e8s une fin d&rsquo;apr\u00e8s-midi sympathique, les responsables prennent leur repas en cercle et n&rsquo;oublient pas de chanter. Bon app\u00e9tit ! !\n\t\t\t\t<\/dd><\/dl><dl class='gallery-item'>\n\t\t\t<dt class='gallery-icon landscape'>\n\t\t\t\t<a href='https:\/\/eeudf.org\/nord\/p1270741\/'><img loading=\"lazy\" decoding=\"async\" width=\"150\" height=\"150\" src=\"https:\/\/eeudf.org\/nord\/wp-content\/uploads\/sites\/29\/2015\/09\/P1270741-150x150.jpg\" class=\"attachment-thumbnail size-thumbnail\" alt=\"\" aria-describedby=\"gallery-1-452\" \/><\/a>\n\t\t\t<\/dt>\n\t\t\t\t<dd class='wp-caption-text gallery-caption' id='gallery-1-452'>\n\t\t\t\tEh oui, le repas est aussi l&rsquo;occasion de papoter entre copines&#8230;\n\t\t\t\t<\/dd><\/dl><br style=\"clear: both\" \/><dl class='gallery-item'>\n\t\t\t<dt class='gallery-icon landscape'>\n\t\t\t\t<a href='https:\/\/eeudf.org\/nord\/p1270778\/'><img loading=\"lazy\" decoding=\"async\" width=\"150\" height=\"150\" src=\"https:\/\/eeudf.org\/nord\/wp-content\/uploads\/sites\/29\/2015\/09\/P1270778-150x150.jpg\" class=\"attachment-thumbnail size-thumbnail\" alt=\"\" aria-describedby=\"gallery-1-453\" \/><\/a>\n\t\t\t<\/dt>\n\t\t\t\t<dd class='wp-caption-text gallery-caption' id='gallery-1-453'>\n\t\t\t\t&#8230; et de faire des blagues \u00e0 ses compagnons ! (Flavien, qu&rsquo;est-ce que tu fais derri\u00e8re TOUTES les photos ?)\n\t\t\t\t<\/dd><\/dl><dl class='gallery-item'>\n\t\t\t<dt class='gallery-icon landscape'>\n\t\t\t\t<a href='https:\/\/eeudf.org\/nord\/p1270785\/'><img loading=\"lazy\" decoding=\"async\" width=\"150\" height=\"150\" src=\"https:\/\/eeudf.org\/nord\/wp-content\/uploads\/sites\/29\/2015\/09\/P1270785-150x150.jpg\" class=\"attachment-thumbnail size-thumbnail\" alt=\"\" aria-describedby=\"gallery-1-454\" \/><\/a>\n\t\t\t<\/dt>\n\t\t\t\t<dd class='wp-caption-text gallery-caption' id='gallery-1-454'>\n\t\t\t\t21h00 : La veill\u00e9e. Elle se passe dans un parc. Sur le principe du sagamore, le but est de trouver et ramener le fanion de l&rsquo;une des deux autres \u00e9quipes \u00e0 la chef d&rsquo;Etat. Frissons garantis dans le noir !\n\t\t\t\t<\/dd><\/dl><dl class='gallery-item'>\n\t\t\t<dt class='gallery-icon landscape'>\n\t\t\t\t<a href='https:\/\/eeudf.org\/nord\/p1270854\/'><img loading=\"lazy\" decoding=\"async\" width=\"150\" height=\"150\" src=\"https:\/\/eeudf.org\/nord\/wp-content\/uploads\/sites\/29\/2015\/09\/P1270854-150x150.jpg\" class=\"attachment-thumbnail size-thumbnail\" alt=\"\" aria-describedby=\"gallery-1-455\" \/><\/a>\n\t\t\t<\/dt>\n\t\t\t\t<dd class='wp-caption-text gallery-caption' id='gallery-1-455'>\n\t\t\t\t22h30 : retour de la veill\u00e9e. Les gagnants sont d\u00e9sign\u00e9s, les responsables discutent ou jouent aux cartes&#8230;\n\t\t\t\t<\/dd><\/dl><dl class='gallery-item'>\n\t\t\t<dt class='gallery-icon landscape'>\n\t\t\t\t<a href='https:\/\/eeudf.org\/nord\/p1270856\/'><img loading=\"lazy\" decoding=\"async\" width=\"150\" height=\"150\" src=\"https:\/\/eeudf.org\/nord\/wp-content\/uploads\/sites\/29\/2015\/09\/P1270856-150x150.jpg\" class=\"attachment-thumbnail size-thumbnail\" alt=\"\" aria-describedby=\"gallery-1-456\" \/><\/a>\n\t\t\t<\/dt>\n\t\t\t\t<dd class='wp-caption-text gallery-caption' id='gallery-1-456'>\n\t\t\t\t&#8230; ou emb\u00eatent leurs camarades ! (Pauline !)\n\t\t\t\t<\/dd><\/dl>\n\t\t\t<br style='clear: both' \/>\n\t\t<\/div>\n\n<p>Retrouvez d\u00e8s \u00e0 pr\u00e9sent les diverses pr\u00e9sentations d&rsquo;ann\u00e9e et de camps, qui ont parsem\u00e9 ces deux journ\u00e9es :<\/p>\n<ul>\n<li>La pr\u00e9sentation des Impalas : <a href=\"http:\/\/eeudf.org\/nord\/wp-content\/uploads\/sites\/3\/2015\/09\/Impalas-AREGI.pdf\" target=\"_blank\" rel=\"noopener\">ICI<\/a>.<\/li>\n<li>La pr\u00e9sentation des Lions au Cambodge : <a href=\"https:\/\/drive.google.com\/open?id=0BydkJAF92Zl-VlhkcWQwbTBqQWc\" target=\"_blank\" rel=\"noopener\">ICI<\/a>.<\/li>\n<li>La pr\u00e9sentation du camps Louveteaux \u00e0 c\u00f4t\u00e9 de Besan\u00e7on : <a href=\"https:\/\/drive.google.com\/open?id=0BydkJAF92Zl-NWxlSC05c3lFdUk\" target=\"_blank\" rel=\"noopener\">ICI<\/a>.<\/li>\n<li>La pr\u00e9sentation de l&rsquo;ann\u00e9e de Maubeuge : <a href=\"https:\/\/youtu.be\/o9a36d-7jmg\" target=\"_blank\" rel=\"noopener\">ICI<\/a>.<\/li>\n<\/ul>\n<p>Besoin de plus d&rsquo;informations pour inscrire votre enfant ou contacter un responsable ? Cliquez <a href=\"http:\/\/eeudf.org\/nord\/?p=98\" target=\"_blank\" rel=\"noopener\">ICI<\/a>.<\/p>\n","protected":false},"excerpt":{"rendered":"<p>Une nouvelle ann\u00e9e commence, et avec elle son lot d&rsquo;activit\u00e9s, de jeux, de r\u00e9flexions et de moments spi&#8230; En un [&hellip;]<\/p>\n","protected":false},"author":3,"featured_media":447,"comment_status":"open","ping_status":"open","sticky":false,"template":"","format":"standard","meta":{"_acf_changed":false,"footnotes":""},"categories":[5,10],"tags":[30,52,53,144,183,211,234,242,247,280],"class_list":["post-427","post","type-post","status-publish","format-standard","has-post-thumbnail","hentry","category-region-nord","category-activites-regionales","tag-30","tag-aregi","tag-aregi-2015","tag-galerie-photo","tag-migrants","tag-photo-de-groupe","tag-region-nord","tag-repas-en-cercle","tag-sagamore","tag-veillee"],"acf":[],"_links":{"self":[{"href":"https:\/\/eeudf.org\/nord\/wp-json\/wp\/v2\/posts\/427"}],"collection":[{"href":"https:\/\/eeudf.org\/nord\/wp-json\/wp\/v2\/posts"}],"about":[{"href":"https:\/\/eeudf.org\/nord\/wp-json\/wp\/v2\/types\/post"}],"author":[{"embeddable":true,"href":"https:\/\/eeudf.org\/nord\/wp-json\/wp\/v2\/users\/3"}],"replies":[{"embeddable":true,"href":"https:\/\/eeudf.org\/nord\/wp-json\/wp\/v2\/comments?post=427"}],"version-history":[{"count":0,"href":"https:\/\/eeudf.org\/nord\/wp-json\/wp\/v2\/posts\/427\/revisions"}],"wp:featuredmedia":[{"embeddable":true,"href":"https:\/\/eeudf.org\/nord\/wp-json\/wp\/v2\/media\/447"}],"wp:attachment":[{"href":"https:\/\/eeudf.org\/nord\/wp-json\/wp\/v2\/media?parent=427"}],"wp:term":[{"taxonomy":"category","embeddable":true,"href":"https:\/\/eeudf.org\/nord\/wp-json\/wp\/v2\/categories?post=427"},{"taxonomy":"post_tag","embeddable":true,"href":"https:\/\/eeudf.org\/nord\/wp-json\/wp\/v2\/tags?post=427"}],"curies":[{"name":"wp","href":"https:\/\/api.w.org\/{rel}","templated":true}]}}