{"id":127,"date":"2015-10-16T11:34:46","date_gmt":"2015-10-16T10:34:46","guid":{"rendered":"http:\/\/eeudf.org\/yvelines\/?p=127"},"modified":"2015-10-16T11:34:46","modified_gmt":"2015-10-16T10:34:46","slug":"tous-a-alternatiba","status":"publish","type":"post","link":"https:\/\/eeudf.org\/yvelines\/2015\/10\/16\/tous-a-alternatiba\/","title":{"rendered":"Tous \u00e0 Alternatiba !"},"content":{"rendered":"<p>Nous vous avions tous invit\u00e9 \u00e0 vous rendre sur la grande \u00e9tape parisienne d&rsquo;<strong>Alternatiba<\/strong> les 26 et 27 septembre derniers !<\/p>\n<p>Les \u00c9claireuses et \u00c9claireurs Unionistes de France \u00e9taient pr\u00e9sents au sein de la d\u00e9l\u00e9gation du Scoutisme Fran\u00e7ais sur ce grand \u00e9v\u00e8nements en parall\u00e8le de la <strong>COP21<\/strong> pour mettre en valeur et connecter les diff\u00e9rentes initiatives de la soci\u00e9t\u00e9 civile en faveur du climat.<\/p>\n<p>Ils tenaient plusieurs stands sur la biodiversit\u00e9, la consommation \u00e9nerg\u00e9tique et le manger sain, o\u00f9 plusieurs membres de la r\u00e9gion Yvelines ont apport\u00e9 leur aide durant le week-end. Plusieurs jeunes \u00e9taient aussi pr\u00e9sents sur le quartier \u00e9ducation et le reste du village et ont pu trouver des partenaires pour les activit\u00e9s d&rsquo;ann\u00e9es et de camp !<\/p>\n<p>&nbsp;<\/p>\n<p>Pour ceux qui ne pouvaient \u00eatre l\u00e0, voici un petit aper\u00e7u pr\u00e9par\u00e9 par l&rsquo;\u00e9quipe de \u00c7a s&rsquo;dit scout !<\/p>\n<p><iframe loading=\"lazy\" title=\"EEUdF - Mobilisation \u00e0 Alternatiba\" width=\"500\" height=\"281\" src=\"https:\/\/www.youtube.com\/embed\/yCtLvxHDRHE?feature=oembed\" frameborder=\"0\" allow=\"accelerometer; autoplay; clipboard-write; encrypted-media; gyroscope; picture-in-picture; web-share\" referrerpolicy=\"strict-origin-when-cross-origin\" allowfullscreen><\/iframe><\/p>\n","protected":false},"excerpt":{"rendered":"<p>Nous vous avions tous invit\u00e9 \u00e0 vous rendre sur la grande \u00e9tape parisienne d&rsquo;Alternatiba les 26 et 27 septembre derniers [&hellip;]<\/p>\n","protected":false},"author":3,"featured_media":214,"comment_status":"open","ping_status":"open","sticky":false,"template":"","format":"standard","meta":{"_acf_changed":false,"footnotes":""},"categories":[6],"tags":[],"class_list":["post-127","post","type-post","status-publish","format-standard","has-post-thumbnail","hentry","category-evenement"],"acf":[],"_links":{"self":[{"href":"https:\/\/eeudf.org\/yvelines\/wp-json\/wp\/v2\/posts\/127"}],"collection":[{"href":"https:\/\/eeudf.org\/yvelines\/wp-json\/wp\/v2\/posts"}],"about":[{"href":"https:\/\/eeudf.org\/yvelines\/wp-json\/wp\/v2\/types\/post"}],"author":[{"embeddable":true,"href":"https:\/\/eeudf.org\/yvelines\/wp-json\/wp\/v2\/users\/3"}],"replies":[{"embeddable":true,"href":"https:\/\/eeudf.org\/yvelines\/wp-json\/wp\/v2\/comments?post=127"}],"version-history":[{"count":0,"href":"https:\/\/eeudf.org\/yvelines\/wp-json\/wp\/v2\/posts\/127\/revisions"}],"wp:featuredmedia":[{"embeddable":true,"href":"https:\/\/eeudf.org\/yvelines\/wp-json\/wp\/v2\/media\/214"}],"wp:attachment":[{"href":"https:\/\/eeudf.org\/yvelines\/wp-json\/wp\/v2\/media?parent=127"}],"wp:term":[{"taxonomy":"category","embeddable":true,"href":"https:\/\/eeudf.org\/yvelines\/wp-json\/wp\/v2\/categories?post=127"},{"taxonomy":"post_tag","embeddable":true,"href":"https:\/\/eeudf.org\/yvelines\/wp-json\/wp\/v2\/tags?post=127"}],"curies":[{"name":"wp","href":"https:\/\/api.w.org\/{rel}","templated":true}]}}