{"id":304,"date":"2016-06-14T18:31:59","date_gmt":"2016-06-14T17:31:59","guid":{"rendered":"http:\/\/eeudf.org\/yvelines\/?p=304"},"modified":"2016-06-14T18:31:59","modified_gmt":"2016-06-14T17:31:59","slug":"viens-preparer-laregi-episode-2-le-16-juin","status":"publish","type":"post","link":"https:\/\/eeudf.org\/yvelines\/2016\/06\/14\/viens-preparer-laregi-episode-2-le-16-juin\/","title":{"rendered":"Viens pr\u00e9parer l&rsquo;AREGI &#8211; Episode 2 &#8211; le 16 juin"},"content":{"rendered":"<p>L&rsquo;AREGI Yvelinoise 2016-2017 continue \u00e0 se pr\u00e9parer.<br \/>\nApr\u00e8s un petit changement de date (on vous confirme que cela aura lieu le samedi 24 et le dimanche 25 septembre), le programme du week-end s&rsquo;organise.<\/p>\n<p>Cette ann\u00e9e, la volont\u00e9 est d&rsquo;int\u00e9grer au maximum les responsables pour qu&rsquo;ils puissent co-construire le programme avec l&rsquo;Equipe R\u00e9gionale.<\/p>\n<p>Pour cela, une nouvelle r\u00e9union de pr\u00e9paration est organis\u00e9e jeudi 16 juin, \u00e0 partir de 19h30 au local EEUDF de Versailles, au Centre 8, Versailles. On partagera un repas autour de l&rsquo;organisation de ce week-end.<\/p>\n<p>&nbsp;<\/p>\n<p><em>En bref, l&rsquo;AREGI c&rsquo;est quoi? L&rsquo;AREGI c&rsquo;est l&rsquo;Assembl\u00e9e R\u00e9gionale. Inscrit dans les statuts associatifs des EEUDF, cet \u00e9v\u00e9nement vise \u00e0 \u00e9lire les d\u00e9l\u00e9gu\u00e9s responsables, parents et CGL qui iront \u00e0 l&rsquo;Assembl\u00e9e G\u00e9n\u00e9rale de l&rsquo;association. C&rsquo;est aussi le moment de renouveler l&rsquo;Equipe R\u00e9gionale, d&rsquo;accueillir les nouveaux responsables et de remercier les anciens. Situ\u00e9e en d\u00e9but d&rsquo;ann\u00e9e, elle permet de lancer la dynamique de la r\u00e9gion, avec un programme d&rsquo;actions propos\u00e9es aux unit\u00e9s.\u00a0<\/em><\/p>\n<p>Alors, viens construire avec nous la prochaine AREGI. On vous attend nombreux!<\/p>\n<p>&nbsp;<\/p>\n<p>Et \u00e0 la fin de ce court article, d\u00e9couvrez le compte-rendu de la r\u00e9union du 16 mai qui a permis de cr\u00e9er les bases de l&rsquo;AREGI 2016-2017.<\/p>\n<hr \/>\n<p>&nbsp;<\/p>\n<p>Compte-rendu de la r\u00e9union du 16 mai 2016<\/p>\n<p>Objectif\u00a0: pr\u00e9paration de l\u2019AREGI 2016-2017<\/p>\n<ul>\n<li>Pr\u00e9sents\u00a0: Florence (ER),Laura (ER), William (ER), Vincent (ER), Manon Bonneville (resps), Charlotte Mathy (resps, futur ER), Nathan Trosseille (resps), Jeanne Hammel (resps)<\/li>\n<li>Anthony (ER) et Margot (ER) pr\u00e9sents par t\u00e9l\u00e9phone avec Laura<\/li>\n<\/ul>\n<p>La r\u00e9union s\u2019est pass\u00e9e en 3 temps\u00a0:<\/p>\n<ul>\n<li>Un premier temps d\u2019organisation g\u00e9n\u00e9ral de l\u2019AREGI, entre ER\u00a0: proposition de dates, rapide rappel d\u2019objectifs et d\u2019id\u00e9es expos\u00e9es durant l\u2019ann\u00e9e (particuli\u00e8rement sur la d\u00e9mocratie participative).<\/li>\n<li>Un second temps avec l\u2019ER et les resps de r\u00e9flexion sur les contenus, le programme de l\u2019AREGI, la formule de l\u2019AREGI. Ce temps a dur\u00e9 2h et \u00e9tait organis\u00e9 sous forme de panneaux \u00e0 remplir individuellement. Il a \u00e9t\u00e9 suivi d\u2019un retour avec r\u00e9sum\u00e9 de chacun des panneaux r\u00e9alis\u00e9s en petits groupes.<\/li>\n<li>Un 3<sup>\u00e8me<\/sup> temps de d\u00e9bat et prise de d\u00e9cision autour de l\u2019organisation du week-end d\u2019AREGI.<\/li>\n<\/ul>\n<p>Les informations \u00e0 retenir\u00a0:<\/p>\n<p><u>Dates de l\u2019AREGI<\/u>\u00a0: <strong>le week-end du 24-25\u00a0septembre.<\/strong> Horaires \u00e0 d\u00e9finir, variant entre 9h\/10h le samedi matin \u00e0 16h le dimanche ou 14h le samedi apr\u00e8s-midi \u00e0 16h le dimanche.<\/p>\n<p><em>Raisonnement\u00a0sur la date\u00a0: l\u2019ER actuelle a souhait\u00e9 proposer une AREGI t\u00f4t au mois de septembre afin d\u2019accompagner les responsables et RU dans la pr\u00e9paration de leur ann\u00e9e. Face aux indisponibilit\u00e9s de chacun (pour les GL\u00a0: forum(s) des associations, culte de rentr\u00e9e, sortie de rentr\u00e9e \u2013 ER\u00a0: week-end de rentr\u00e9e pour les coordos fin ao\u00fbt, week-end de formation des ER d\u00e9but octobre, indisponibilit\u00e9 individuelle courant septembre) la date du 3-4 septembre s\u2019est impos\u00e9e pour nous. <\/em><\/p>\n<p><em>\u00a0<\/em><\/p>\n<p><u>Formule de l\u2019AREGI\u00a0: <\/u>organisation d\u2019un week-end afin de pouvoir pr\u00e9senter \u00e0 d\u00e9bat et construction commune diff\u00e9rentes activit\u00e9s \u00e0 int\u00e9grer au Programme d\u2019Actions R\u00e9gionales. La mise en place de cette co-construction n\u00e9cessite un temps long d\u2019appropriation. De plus un temps de 2h minimum sera pr\u00e9vu pour permettre de pr\u00e9parer l\u2019ann\u00e9e (calendrier, projet p\u00e9da, activit\u00e9s). La forme de ce temps n\u2019est pas encore d\u00e9finie.<\/p>\n<p>&nbsp;<\/p>\n<p><u>Programme du week-end\u00a0: <\/u><\/p>\n<p>Deux programmes diff\u00e9rents en terme d\u2019horaires (mais similaire sur le contenu) ont \u00e9t\u00e9 retenus.<br \/>\n1<sup>er<\/sup> cas\u00a0: l\u2019AREGI d\u00e9buterait d\u00e8s 9 ou 10h du matin (avec un temps d\u2019accueil et de pr\u00e9sentation) par un temps de 5h sur la construction du programme de l\u2019ann\u00e9e (avec un repas au milieu). S\u2019ensuivrait un ou 2 temps ax\u00e9s autour d\u2019informations nationales, de retour sur l\u2019ann\u00e9e, de jeux. Sur les coups de 19h, l\u2019AREGI s\u2019arr\u00eaterait et chacun serait libre de faire ce qu\u2019il veut\u00a0: soir\u00e9e informelle avec un repas, des jeux (et la synth\u00e8se de la construction du PAR pour ceux qui veulent), retour chez soi pour ceux qui pr\u00e9f\u00e8rent. Le dimanche, le matin serait attribu\u00e9 aux diff\u00e9rents temps formels de l\u2019AREGI\u00a0: bilan moral, bilan financier et pr\u00e9sentation du budget et du nouveau PAR, vote et \u00e9lection. Apr\u00e8s le d\u00e9jeuner, 2h serait attribu\u00e9 \u00e0 l\u2019organisation de l\u2019ann\u00e9e suivante pour les GL avec soutien de l\u2019ER.<\/p>\n<p>&nbsp;<\/p>\n<p>2<sup>nd<\/sup> cas\u00a0: l\u2019AREGI d\u00e9buterait \u00e0 14h (avec un temps d\u2019accueil et de pr\u00e9sentation) puis un temps de 5h de construction du programme de l\u2019ann\u00e9e. Suite \u00e0 un ap\u00e9ro\/repas, la veill\u00e9e serait organis\u00e9e sous forme d\u2019un jeu pour pr\u00e9senter les diff\u00e9rentes actualit\u00e9s nationales, bilan d\u2019ann\u00e9e etc. Apr\u00e8s la veill\u00e9e, les responsables seraient invit\u00e9s \u00e0 dormir sur place et pourraient b\u00e9n\u00e9ficier d\u2019une soir\u00e9e informelle. Programme du dimanche similaire au cas 1.<\/p>\n<p>&nbsp;<\/p>\n<p>&nbsp;<\/p>\n<p><em>Nous retenons dans les retours pr\u00e9sents sur le panneau du programme des demandes de temps concernant\u00a0: <\/em><\/p>\n<ul>\n<li><em>Un\/des bilan(s) <\/em><em>\u00e8 de l\u2019ann\u00e9e, des camps, de l\u2019action des ER ou des GL\u00a0?<\/em><\/li>\n<li><em>Des jeux<\/em><\/li>\n<li><em>Une soir\u00e9e informelle<\/em><\/li>\n<li><em>Des temps de pr\u00e9paration de projets\u00a0: <\/em>\n<ul>\n<li><em>Pour le Programme d\u2019actions r\u00e9gionales, avec du temps de d\u00e9bat et de propositions<\/em><\/li>\n<li><em>Pour les GL\u00a0: un temps sur les projets d\u2019ann\u00e9e dans les GL et les unit\u00e9s<\/em><\/li>\n<\/ul>\n<\/li>\n<li><em>Un temps spi (sous forme ludique)<\/em><\/li>\n<li><em>Un\/des temps de formation<\/em><\/li>\n<li><em>Un temps sur l\u2019actualit\u00e9 du mouvement<\/em><\/li>\n<li><em>Une photo souvenir du week-end<\/em><\/li>\n<\/ul>\n<p>&nbsp;<\/p>\n<p>&nbsp;<\/p>\n<p><u>Pr\u00e9sence des responsables et cadres\u00a0:<\/u> nous voudrions voir les responsables pr\u00e9sents sur l\u2019ensemble du week-end, en particulier pour qu\u2019ils puissent s\u2019investir sur la cr\u00e9ation des projets du Programme d\u2019Actions R\u00e9gionales. Le dimanche matin n\u00e9cessiterait la pr\u00e9sence commune des resps, des cadres locaux et des parents d\u00e9l\u00e9gu\u00e9s (cadres et parents d\u00e9l\u00e9gu\u00e9s \u00e9tant invit\u00e9s aussi sur tout le week-end). Le dimanche apr\u00e8s-midi n\u00e9cessiterait la pr\u00e9sence des \u00e9quipes de responsables au complet.<\/p>\n<p>&nbsp;<\/p>\n<p>&nbsp;<\/p>\n<p>Le choix de la formule du week-end a \u00e9t\u00e9 soumis au vote sur facebook \u00e0 partir du 20 mai environ. Le sondage a \u00e9t\u00e9 repropos\u00e9 plusieurs fois et a rencontr\u00e9 une 15aine de votes.<\/p>\n<p>Le r\u00e9sultat d\u00e9finitif et le choix de la formule seront pris le jeudi 9 juin en r\u00e9union ER, ouverte \u00e0 tous.<\/p>\n<p>&nbsp;<\/p>\n<p><u>\u00a0<\/u><\/p>\n<p><u>Autres \u00e9l\u00e9ments \u00e9voqu\u00e9s durant la r\u00e9union\u00a0: <\/u><\/p>\n<p>Des panneaux proposaient aussi de r\u00e9fl\u00e9chir \u00e0\u00a0:<\/p>\n<ul>\n<li>A quoi sert l\u2019AREGI\u00a0?<\/li>\n<li>Comment on vote\u00a0? Pourquoi\u00a0? Pour quoi\u00a0? Pour qui\u00a0?<\/li>\n<li>Quel(s) type(s) de projet(s) souhaiteriez-vous voir dans le PAR\u00a0?<\/li>\n<\/ul>\n<p>&nbsp;<\/p>\n<p><strong>\u00a0<\/strong><\/p>\n<p><strong>A quoi sert l\u2019AREGI\u00a0?<\/strong><\/p>\n<ul>\n<li>fournir des propositions<\/li>\n<li>voter<\/li>\n<li>accueillir les nouveaux responsables et CGL<\/li>\n<li>Faire un bilan de l\u2019ann\u00e9e et des camps \u00e9coul\u00e9s<\/li>\n<li>Valoriser l\u2019engagement des personnes pr\u00e9sentes<\/li>\n<li>Transmettre les actualit\u00e9s du mouvement<\/li>\n<li>Permettre des temps informels<\/li>\n<li>Organiser une bourse au mat\u00e9riel<\/li>\n<li>Proposer des jeux pour les responsables \u2013 gagner la mascoute<\/li>\n<li>partager les exp\u00e9riences de chacun<\/li>\n<li>cr\u00e9er une coh\u00e9sion r\u00e9gionale<\/li>\n<li>se motiver et motiver les autres<\/li>\n<li>impliquer les responsables pour de l\u2019organisation, de l\u2019intendance, du matos<\/li>\n<li>lancer la nouvelle ann\u00e9e<\/li>\n<li>vivre le PE EEUDF et un \u00e9v\u00e9nement d\u00e9mocratique<\/li>\n<\/ul>\n<p><strong>\u00a0<\/strong><\/p>\n<p><strong>Comment on vote\u00a0? Pourquoi\u00a0? Pour quoi\u00a0? Pour qui\u00a0?<\/strong><\/p>\n<p><strong>\u00a0<\/strong><\/p>\n<p>Pour rappel, les statuts associatifs des EEUDF, article 12, mentionne que \u00ab\u00a0l\u2019AREGI \u00e9lit les membres de l\u2019Equipe r\u00e9gionale ainsi que ses repr\u00e9sentants \u00e0 l\u2019AG\u00a0\u00bb. Un des r\u00f4les principaux de l\u2019AREGI est donc de voter et \u00e9lire diff\u00e9rentes personnes.<\/p>\n<p>&nbsp;<\/p>\n<p>Les id\u00e9es<\/p>\n<ul>\n<li>laisser un temps de d\u00e9bat o\u00f9 chacun se positionne et a le devoir de s\u2019interroger. Le vote est fait plus tard. Le d\u00e9bat peut \u00eatre initi\u00e9 en petits groupes, puis revenir en grand groupe, ou uniquement \u00eatre organis\u00e9 en petits groupes<\/li>\n<li>En amont des votes \u00e9lisant les membres de l\u2019ER\u00a0: pr\u00e9voir des professions de foi des candidat.e.s. Organiser un d\u00e9bat ou une campagne.<\/li>\n<li>Pour les postes de d\u00e9l\u00e9gu\u00e9.e.S (resps, cadres, parents et ER) sans candidat\u00a0: organiser un tirage au sort gr\u00e2ce \u00e0 l\u2019extraction du SI. La personne est ensuite appel\u00e9e pour que le r\u00f4le confi\u00e9 lui soit expliqu\u00e9, l\u2019ER s\u2019engage \u00e0 l\u2019accompagner puis elle se prononce si oui ou non elle souhaite s\u2019engager. Si la personne tir\u00e9e au sort est absente de l\u2019AREGI, la d\u00e9marche peut \u00eatre effectu\u00e9e par t\u00e9l\u00e9phone. Si elle accepte, alors elle est pr\u00e9sent\u00e9e sur la liste comme les autres d\u00e9l\u00e9gu\u00e9s \u00e0 \u00e9lire.<\/li>\n<li>L\u2019\u00e9quipe r\u00e9gionale pourrait s\u2019engager \u00e0 viser la parit\u00e9 hommes\/femmes et GL d\u2019origine, entre autre en proposant de voter un objectif concret pour l\u2019ann\u00e9e suivante, qui orientera les activit\u00e9s de d\u00e9veloppement de l\u2019Equipe r\u00e9gionale.<\/li>\n<li>L\u2019ordre du jour de l\u2019AREGI doit \u00eatre vot\u00e9.<\/li>\n<li>Le vote est individuel sur les candidats \u00e0 l\u2019Equipe R\u00e9gionale<\/li>\n<li>Pour les votes \u00e0 2 choix\u00a0: scrutin unique avec vote majoritaire.<\/li>\n<li>A partir de votes \u00e0 3 choix ou plus, vote \u00ab\u00a0\u00e0 l\u2019australienne\u00a0\u00bb (proportionnelle pond\u00e9r\u00e9e)\u00a0: permet de faire \u00e9merger le meilleur compromis<\/li>\n<li>Pour les votes non statutaires, introduire d\u2019autres m\u00e9thodes de votes\u00a0: votes \u00e9lectroniques, applaudim\u00e8tre, lancer de chaussettes dans des cibles,<\/li>\n<li>On vote le PAR et le budget (avec plusieurs propositions\/options).<\/li>\n<li>Les propositions peuvent \u00eatre amen\u00e9es par diff\u00e9rentes mani\u00e8res\u00a0: d\u00e9bat, forum, brainstorming. Elles sont s\u00e9lectionn\u00e9es si elles ont un porteur, un planning et un budget.<\/li>\n<li>La m\u00e9thode du forum ouvert.<\/li>\n<\/ul>\n<p>&nbsp;<\/p>\n<p><strong>\u00a0<\/strong><\/p>\n<p><strong>Quel(s) type(s) de projet(s) souhaiteriez-vous voir dans le PAR\u00a0? <\/strong><\/p>\n<p>5 cat\u00e9gories ont \u00e9t\u00e9 dessin\u00e9es pendant le bilan\u00a0:<\/p>\n<ul>\n<li>Des projets inter-meutes ou inter-unit\u00e9s\u00a0:\n<ul>\n<li>Un groupe de vieux loups r\u00e9gional, une guilde r\u00e9gionale (ou des \u00e9v\u00e9nements r\u00e9gionaux sp\u00e9cifiquement pour eux).<\/li>\n<li>Des \u00e9changes de locaux pour \u00ab\u00a0pepser\u00a0\u00bb les sorties<\/li>\n<li>Une bourse au matos et aux bons bails<\/li>\n<li>Cr\u00e9er un syst\u00e8me de responsables de soutien entre unit\u00e9s\u00a0: en cas de probl\u00e8me, pouvoir facilement joindre les autres responsables pour les faire venir sur une sortie\/activit\u00e9\/week-end<\/li>\n<li>Idem pour un syst\u00e8me de matos de soutien<\/li>\n<\/ul>\n<\/li>\n<li>Pour les a\u00een\u00e9s sp\u00e9cifiquement\u00a0:\n<ul>\n<li>1 ou 2 week-end (de vraies Crois\u00e9es)<\/li>\n<li>Un projet r\u00e9gional<\/li>\n<li>Une r\u00e9serve de responsables pour soutenir les projets a\u00een\u00e9s<\/li>\n<li>De vrais t\u00e9moignages sur leur projet pendant des \u00e9v\u00e9nements Yvelines<\/li>\n<\/ul>\n<\/li>\n<li>Pour les responsables et les adultes\u00a0:\n<ul>\n<li>Une formation PSC1\/BSB<\/li>\n<li>Un week-end pr\u00e9ca<\/li>\n<li>Un week-end pour les responsables<\/li>\n<li>Un r\u00e9cap photo sur la page F<\/li>\n<li>Un diapo des photos du grand coup (1 \u00e0 2 minutes) \u00e0 l\u2019AREGI<\/li>\n<li>D\u2019autres logiciels et fa\u00e7ons de communiquer en dehors de facebook<\/li>\n<li>Un stage BAFA mont\u00e9 par des formateurs 100% yvelinois (ER et responsables)<\/li>\n<li>Plus de d\u00e9mocratie \u00e0 l\u2019ann\u00e9e\u00a0: votes, sondages, fb\u00a0: un syst\u00e8me mensuel de participaton<\/li>\n<li>Cr\u00e9er des listes de diffusion pour les mails et autres<\/li>\n<\/ul>\n<\/li>\n<li>Les \u00e9v\u00e9nements\u00a0:\n<ul>\n<li>Un alternatiba<\/li>\n<li>Un tournoi de sioule<\/li>\n<li>Un tournoi de th\u00e8que<\/li>\n<li>Un grand coup BC ou BM<\/li>\n<li>Un WERY 2017<\/li>\n<\/ul>\n<\/li>\n<li>Des actions locales\u00a0:\n<ul>\n<li>Une port\u00e9e \u00e9cologique<\/li>\n<li>Une action d\u2019ouverture aux autres<\/li>\n<li>Un partenariat (<em>\u2018\u2019plus marqu\u00e9\u2019\u2019<\/em> &#8211; ajout) avec des associations<\/li>\n<li>Des projets r\u00e9gionaux<\/li>\n<li>Un catalogue d\u2019actions Yvelinois<\/li>\n<\/ul>\n<\/li>\n<\/ul>\n<p>&nbsp;<\/p>\n","protected":false},"excerpt":{"rendered":"<p>L&rsquo;AREGI Yvelinoise 2016-2017 continue \u00e0 se pr\u00e9parer. Apr\u00e8s un petit changement de date (on vous confirme que cela aura lieu [&hellip;]<\/p>\n","protected":false},"author":3,"featured_media":0,"comment_status":"open","ping_status":"open","sticky":false,"template":"","format":"standard","meta":{"_acf_changed":false,"footnotes":""},"categories":[5],"tags":[16,18,29],"class_list":["post-304","post","type-post","status-publish","format-standard","hentry","category-aregi","tag-16","tag-aregi","tag-preparation"],"acf":[],"_links":{"self":[{"href":"https:\/\/eeudf.org\/yvelines\/wp-json\/wp\/v2\/posts\/304"}],"collection":[{"href":"https:\/\/eeudf.org\/yvelines\/wp-json\/wp\/v2\/posts"}],"about":[{"href":"https:\/\/eeudf.org\/yvelines\/wp-json\/wp\/v2\/types\/post"}],"author":[{"embeddable":true,"href":"https:\/\/eeudf.org\/yvelines\/wp-json\/wp\/v2\/users\/3"}],"replies":[{"embeddable":true,"href":"https:\/\/eeudf.org\/yvelines\/wp-json\/wp\/v2\/comments?post=304"}],"version-history":[{"count":0,"href":"https:\/\/eeudf.org\/yvelines\/wp-json\/wp\/v2\/posts\/304\/revisions"}],"wp:attachment":[{"href":"https:\/\/eeudf.org\/yvelines\/wp-json\/wp\/v2\/media?parent=304"}],"wp:term":[{"taxonomy":"category","embeddable":true,"href":"https:\/\/eeudf.org\/yvelines\/wp-json\/wp\/v2\/categories?post=304"},{"taxonomy":"post_tag","embeddable":true,"href":"https:\/\/eeudf.org\/yvelines\/wp-json\/wp\/v2\/tags?post=304"}],"curies":[{"name":"wp","href":"https:\/\/api.w.org\/{rel}","templated":true}]}}