{"id":324,"date":"2016-09-19T10:34:50","date_gmt":"2016-09-19T09:34:50","guid":{"rendered":"http:\/\/eeudf.org\/yvelines\/?p=324"},"modified":"2016-09-19T10:34:50","modified_gmt":"2016-09-19T09:34:50","slug":"aregi-2016","status":"publish","type":"post","link":"https:\/\/eeudf.org\/yvelines\/2016\/09\/19\/aregi-2016\/","title":{"rendered":"AREGI 2016"},"content":{"rendered":"<p>Et oui, nous sommes \u00e0 une semaine de notre Assembl\u00e9e R\u00e9gionale Yvelines (AREGI).<\/p>\n<p>Voici le\u00a0r\u00e9capitulatif des diff\u00e9rentes informations avec notamment le lieu de cette AREGI:<\/p>\n<p><strong>Quand?<\/strong> Le week-end du <strong>24 et 25 Septembre de 13h30 le samedi \u00e0 16h30 le dimanche<\/strong>.<\/p>\n<p><strong>O\u00f9?<\/strong> Au local de <strong>V\u00e9lizy<\/strong> :\u00a08 rue Cl\u00e9ment Ader, 78140 V\u00e9lizy-Villacoublay<\/p>\n<p><strong>Couchage propos\u00e9?<\/strong>\u00a0Sous tente, dans le petit jardin du local. C&rsquo;est l&rsquo;occasion de venir tester le scoutisme de jardin.<\/p>\n<p><strong>Le programme?<\/strong><br \/>\nLe bilan de l&rsquo;ann\u00e9e pass\u00e9e, des temps de formation, des rencontres, des discussions&#8230;<\/p>\n<p>Une grande nouveaut\u00e9 cette ann\u00e9e, la mise en place d&rsquo;un <strong>forum ouvert<\/strong> pour construire ensemble le Programme d&rsquo;Actions R\u00e9gionales (PAR) pour que vous nous donniez vos envies, vos id\u00e9es et surtout ce que vous faire dans notre belle r\u00e9gion Yvelines.<\/p>\n<p>Pour alimenter ce forum ouvert et permettre aux personnes qui sont dans l&rsquo;impossibilit\u00e9 de venir de participer \u00e0 ce forum, voici un google doc o\u00f9 vous pouvez inscrire et commencer \u00e0 penser, pr\u00e9senter, pr\u00e9parer vos projets.<\/p>\n<p><a href=\"https:\/\/docs.google.com\/spreadsheets\/d\/1nCOek9YVzrlslrMW37Vx-cUUkPtdM30YH84ejFPpItY\/edit?usp=sharing\" data-saferedirecturl=\"https:\/\/www.google.com\/url?hl=fr&amp;q=https:\/\/docs.google.com\/spreadsheets\/d\/1nCOek9YVzrlslrMW37Vx-cUUkPtdM30YH84ejFPpItY\/edit?usp%3Dsharing&amp;source=gmail&amp;ust=1474219121739000&amp;usg=AFQjCNHbUI0kgVTAriZh12COvsAu-0c6QA\">https:\/\/docs.google.com\/spreadsheets\/d\/1nCOek9YVzrlslrMW37VxcUUkPtdM30YH84ejFPpItY\/edit?usp=sharing<\/a><\/p>\n<p>Il y a seulement 3 r\u00e8gles \u00e0 respecter\u00a0:<\/p>\n<p>&#8211;\u00a0\u00a0\u00a0\u00a0\u00a0\u00a0\u00a0\u00a0\u00a0\u00a0Pour qu\u2019un projet soit accept\u00e9 dans le cadre r\u00e9gional, il doit concerner 2 unit\u00e9s diff\u00e9rentes. Les 2 unit\u00e9s ne sont pas oblig\u00e9es de faire l\u2019action ensemble, mais elles devront communiquer ensemble dessus avant et apr\u00e8s.<\/p>\n<p>&#8211;\u00a0\u00a0\u00a0\u00a0\u00a0\u00a0\u00a0\u00a0\u00a0\u00a0Le projet doit rester dans le cadre des actions des EEUDF. La dessus, si vous avez un doute, vous pouvez toujours l\u2019\u00e9crire, nous vous ferons des retours.<\/p>\n<p>&#8211;\u00a0\u00a0\u00a0\u00a0\u00a0\u00a0\u00a0\u00a0\u00a0\u00a0Vous devez lire les r\u00e8gles du document (c\u2019est encore mieux expliquer\u00a0\ud83d\ude09 \u00a0)<\/p>\n<p>&nbsp;<\/p>\n<p>Nous vous souhaitons une bonne semaine et esp\u00e9rons vous voir nombreux et nombreuses la semaine prochaine pour ce premier \u00e9v\u00e9nement r\u00e9gional de l&rsquo;ann\u00e9e.<\/p>\n","protected":false},"excerpt":{"rendered":"<p>Et oui, nous sommes \u00e0 une semaine de notre Assembl\u00e9e R\u00e9gionale Yvelines (AREGI). Voici le\u00a0r\u00e9capitulatif des diff\u00e9rentes informations avec notamment [&hellip;]<\/p>\n","protected":false},"author":3,"featured_media":5,"comment_status":"open","ping_status":"open","sticky":false,"template":"","format":"standard","meta":{"_acf_changed":false,"footnotes":""},"categories":[5,6],"tags":[],"class_list":["post-324","post","type-post","status-publish","format-standard","has-post-thumbnail","hentry","category-aregi","category-evenement"],"acf":[],"_links":{"self":[{"href":"https:\/\/eeudf.org\/yvelines\/wp-json\/wp\/v2\/posts\/324"}],"collection":[{"href":"https:\/\/eeudf.org\/yvelines\/wp-json\/wp\/v2\/posts"}],"about":[{"href":"https:\/\/eeudf.org\/yvelines\/wp-json\/wp\/v2\/types\/post"}],"author":[{"embeddable":true,"href":"https:\/\/eeudf.org\/yvelines\/wp-json\/wp\/v2\/users\/3"}],"replies":[{"embeddable":true,"href":"https:\/\/eeudf.org\/yvelines\/wp-json\/wp\/v2\/comments?post=324"}],"version-history":[{"count":0,"href":"https:\/\/eeudf.org\/yvelines\/wp-json\/wp\/v2\/posts\/324\/revisions"}],"wp:featuredmedia":[{"embeddable":true,"href":"https:\/\/eeudf.org\/yvelines\/wp-json\/wp\/v2\/media\/5"}],"wp:attachment":[{"href":"https:\/\/eeudf.org\/yvelines\/wp-json\/wp\/v2\/media?parent=324"}],"wp:term":[{"taxonomy":"category","embeddable":true,"href":"https:\/\/eeudf.org\/yvelines\/wp-json\/wp\/v2\/categories?post=324"},{"taxonomy":"post_tag","embeddable":true,"href":"https:\/\/eeudf.org\/yvelines\/wp-json\/wp\/v2\/tags?post=324"}],"curies":[{"name":"wp","href":"https:\/\/api.w.org\/{rel}","templated":true}]}}