{"id":49,"date":"2015-09-19T17:44:48","date_gmt":"2015-09-19T16:44:48","guid":{"rendered":"http:\/\/eeudf.org\/yvelines\/?p=49"},"modified":"2015-09-19T17:44:48","modified_gmt":"2015-09-19T16:44:48","slug":"a-la-suite-de-laregi","status":"publish","type":"post","link":"https:\/\/eeudf.org\/yvelines\/2015\/09\/19\/a-la-suite-de-laregi\/","title":{"rendered":"A la suite de l&rsquo;AREGI"},"content":{"rendered":"<div>Nous vous remercions encore une fois de votre pr\u00e9sence \u00e0 l&rsquo;Assembl\u00e9e R\u00e9gionale de samedi dernier.<\/div>\n<div><\/div>\n<h3>Un petit questionnaire pour conna\u00eetre vos impressions sur cette AREGI :<\/h3>\n<div>Nous encourageons les Responsables d&rsquo;Unit\u00e9 \u00e0 pousser tout leurs resps \u00e0 remplir <a href=\"https:\/\/fr.surveymonkey.com\/r\/FRLZFQJ\" target=\"_blank\" rel=\"noopener\">ce petit sondage<\/a> ( 10 questions &#8211; moins de 5 minutes), m\u00eame les resps n&rsquo;ayant pas pu venir \u00e0 l&rsquo;AREGI (il y a des questions pour eux!!!)<\/div>\n<h3>Les documents pr\u00e9sent\u00e9s \u00e0 l&rsquo;AREGI :<\/h3>\n<ul>\n<li><a href=\"https:\/\/www.dropbox.com\/s\/yascybk8iqptv85\/PRESENTATION%20AREGI.ppt?dl=0\" target=\"_blank\" rel=\"noopener\">Le power-point de l&rsquo;AREGI<\/a><\/li>\n<li><a href=\"https:\/\/www.dropbox.com\/home\/ER%20Yvelines%202015-16\/AREGI?preview=PRESENTATION+AREGI_Post+AREGI.pptx\">Le projet d&rsquo;action r\u00e9gional<\/a><\/li>\n<li><a href=\"https:\/\/www.dropbox.com\/s\/xusuy56ow48w933\/Budget%20Yvelines%2015-16.xlsx?dl=0\" target=\"_blank\" rel=\"noopener\">Le budget r\u00e9gional<\/a><\/li>\n<li><a href=\"https:\/\/www.dropbox.com\/s\/uqf4rfz15qbtnze\/calendrier%20yvelines%2015-16.pdf?dl=0\" target=\"_blank\" rel=\"noopener\">Le calendrier r\u00e9gional 2015\/16<\/a><\/li>\n<li><a href=\"https:\/\/www.dropbox.com\/s\/2xiokzkw1qyvyw1\/La%20COP21%20dans%20ma%20r%C3%A9gion%20-%20que%20faire-%20-%20PPT%20de%20pr%C3%A9sentation%20AREGI%20%281%29.pptx?dl=0\" target=\"_blank\" rel=\"noopener\">La pr\u00e9sentation de la COP21<\/a><\/li>\n<li><a href=\"https:\/\/www.dropbox.com\/s\/zpitfwdwce5ftp6\/Teaser%20RESOscout%20%281%29.mp4?dl=0\" target=\"_blank\" rel=\"noopener\">Le teaser du r\u00e9seau de solidarit\u00e9 scout : RESOscout<\/a>\u00a0: Inscription d\u00e8s octobre 2015 !<\/li>\n<li><a href=\"https:\/\/www.dropbox.com\/s\/80a0sbabsqjuedb\/Teaser%20Roverway%202016%20%282015%29.mov?dl=0\" target=\"_blank\" rel=\"noopener\">Le teaser du grand rassemblement europ\u00e9en des a\u00een\u00e9s : Roverway 2016<\/a><\/li>\n<\/ul>\n<h3>C&rsquo;est aussi no\u00ebl avant l&rsquo;heure! Vous trouverez plein de renseignements utiles pour d\u00e9marrer votre ann\u00e9e:<\/h3>\n<div>\n<ul>\n<li>Venez \u00e0 <strong>Alternatiba Paris<\/strong> le 27 septembre avec vos jeunes et leurs parents ! Faites-nous savoir qui vient, merci !<\/li>\n<li><a href=\"https:\/\/www.dropbox.com\/s\/m3pte1ull65kwro\/Pr%C3%A9parer%20son%20projet%20d%27activit%C3%A9%20et%20son%20projet%20p%C3%A9da.pdf?dl=0\" target=\"_blank\" rel=\"noopener\">Un mod\u00e8le de\u00a0projet d&rsquo;ann\u00e9e et de planning<\/a>\u00a0\u00e0\u00a0partager avec l&rsquo;\u00e9quipe r\u00e9gionale avant le 15 octobre 2015 (yvelines.eeudf (at) gmail.com).<\/li>\n<li><a href=\"https:\/\/www.dropbox.com\/s\/vv8rz0gu4wcadlf\/Template%20budget%20ann%C3%A9e%20et%20camp%20Yvelines.xltx?dl=0\" target=\"_blank\" rel=\"noopener\">Un mod\u00e8le de budget d&rsquo;ann\u00e9e<\/a>\u00a0\u00e0\u00a0partager avec l&rsquo;\u00e9quipe r\u00e9gionale avant le 15 octobre 2015 (yvelines.eeudf (at) gmail.com). A prendre en compte dans vos budgets : <strong>15\u20ac\/jeunes de pr\u00e9l\u00e8vement national et 25\u20ac\/jeunes de participation au week-end r\u00e9gional<\/strong>.<\/li>\n<li><a href=\"https:\/\/www.dropbox.com\/s\/88iztj35oj3da6p\/Catalogue%20projets%20Yvelines.xlsx?dl=0\" target=\"_blank\" rel=\"noopener\">Le catalogue des projets associatifs en Yvelines<\/a>\u00a0pour vous donner des id\u00e9es de partenariats \u00e0 c\u00f4t\u00e9 de chez vous ! Pour l&rsquo;instant, le catalogue n&rsquo;est pas encore complet, mais cela peut vous donner des id\u00e9es!<\/li>\n<li>Nous nous sommes engag\u00e9s \u00e0 venir <strong>visiter chaque unit\u00e9 de la r\u00e9gion<\/strong>. Le but de ces visites est de mieux vous conna\u00eetre et nous aider \u00e0 cerner vos besoins et vos attentes (pour l&rsquo;organisation du Week-end R\u00e9gionale). On se tient pr\u00eat \u00e0 venir vous voir d\u00e8s que vous nous enverrez vos dates!<\/li>\n<li><strong>La hotline p\u00e9dago<\/strong> est \u00e0 votre service ! Margot pour les louveteaux, Anthony pour les \u00e9clais, Joachim pour les a\u00een\u00e9s. Une question, appelez-nous !<\/li>\n<li><strong>La P\u00e9dago \u00e9clais est dispo sur la biblioth\u00e8que num\u00e9rique ! <a href=\"http:\/\/bibli.eeudf.org\/documents\/la-progression-personnelle\/\" target=\"_blank\" rel=\"noopener\">La progression personnelle<\/a> et <a href=\"http:\/\/bibli.eeudf.org\/documents\/guilde-un-outil-pour-les-14-16-ans\/\" target=\"_blank\" rel=\"noopener\">la guilde<\/a><\/strong><\/li>\n<li><strong>Formation on demand<\/strong> : vous avez un besoin de formation ? Utiliser le syst\u00e8me d&rsquo;information, saisir les adh\u00e9sions, g\u00e9rer ou cl\u00f4turer la comptabilit\u00e9, les bases de l&rsquo;animation, de l&rsquo;aider pour les responsables d&rsquo;unit\u00e9&#8230; Nous sommes \u00e0 votre service ! Envoyez nous un mail, un MP facebook ou appelez-nous et nous organiserons une mini-formation personnalis\u00e9e en face \u00e0 face ou par Skype.<\/li>\n<\/ul>\n<\/div>\n<p>Votre calendrier des \u00e9v\u00e9nements EEUDF de l&rsquo;ann\u00e9e (\u00e0 retrouver sous PDF <a href=\"https:\/\/www.dropbox.com\/s\/uqf4rfz15qbtnze\/calendrier%20yvelines%2015-16.pdf?dl=0\">ici<\/a>):<\/p>\n<div>\n<ul>\n<li><strong>Le Week-end pr\u00e9ca<\/strong> aura lieu le 12-13 mars pour pr\u00e9parer les camps. Il est obligatoire ! Merci de le noter et d&rsquo;y venir !<\/li>\n<li>Notez bien dans vos agendas la date du 5 au 7\u00a0mai 2016: ce sera le <strong>Week-End\u00a0R\u00e9gional<\/strong>, pour les louveteaux, \u00e9clais, a\u00een\u00e9s, leurs resps et les \u00e9quipes locales. Pour cette occasion, nous cr\u00e9erons pour vous des <strong>carnets de chants r\u00e9gionaux<\/strong>.<\/li>\n<li><strong>Le Week-end Fotech 2015<\/strong> (formation techniques) \u00e0 destination des responsables organis\u00e9 par la r\u00e9gion IDFSE aura lieu le 9-10 avril 2015.<\/li>\n<li>La r\u00e9gion Paris organise dans l&rsquo;ann\u00e9e\u00a0des soir\u00e9es conviviales entre resps : <strong>les Carrefours<\/strong>. Vous y \u00eates invit\u00e9s, nous vous transmettrons les dates au plus vite!<\/li>\n<li>Les dates des <strong>r\u00e9unions ER\/CGL<\/strong> sont le 14 octobre, le 10 f\u00e9vrier, le 13 avril et le 6 juillet \u00e0 20h00. Le lieu est \u00e0 d\u00e9finir. Chacun am\u00e8ne un truc \u00e0 partager pour manger. Tous les membres des \u00e9quipes locales sont les bienvenus!<\/li>\n<li>Nous vous invitions \u00e0 organiser des <strong>Assembl\u00e9es locales<\/strong> dans tous vos\u00a0groupes locaux pour faire vivre la d\u00e9mocratie au sein de notre mouvement.<\/li>\n<li><strong>Le BBQ r\u00e9gional<\/strong> aura lieu le 28 juillet 2016. Un moment convivial apr\u00e8s les camps entre resp.<\/li>\n<li><strong>La r\u00e9union de pr\u00e9paration de l&rsquo;assembl\u00e9e g\u00e9n\u00e9rale<\/strong> (23-24 janvier 2016) aura lieu le 2 d\u00e9cembre pour les d\u00e9l\u00e9gu\u00e9s \u00e0 l&rsquo;AG et l&rsquo;\u00e9quipe r\u00e9gionale.<\/li>\n<\/ul>\n<\/div>\n<p>&nbsp;<\/p>\n<p>Et de nouveaux supports nationaux et r\u00e9gionaux!<\/p>\n<div>\n<ul>\n<li><strong><a href=\"http:\/\/bibli.eeudf.org\/documents\/fiches-de-postes\/\" target=\"_blank\" rel=\"noopener\">Des Fiches de postes<\/a><\/strong> ont \u00e9t\u00e9 cr\u00e9\u00e9e par l&rsquo;\u00e9quipe nationale. Consultez-les !<\/li>\n<li>Dor\u00e9navant, pour faire des achats de mat\u00e9riel sup\u00e9rieur \u00e0 300\u20ac, vous devrez passer par le <strong>Fond d&rsquo;investissement mat\u00e9riel<\/strong> en s\u00e9lectionnant sur le site de la boutique EEUDF ce que vous souhaitez. Le secr\u00e9tariat g\u00e8re\u00a0l&rsquo;achat et vous remboursez votre achat sur plusieurs ann\u00e9es. Ainsi, vous b\u00e9n\u00e9ficiez de prix de gros et d&rsquo;un pr\u00eat \u00e0 taux z\u00e9ro. Plus d&rsquo;info d\u00e8s qu&rsquo;on en aura!<\/li>\n<li>Roverway 2016<\/li>\n<li><a href=\"https:\/\/www.dropbox.com\/s\/71ddhxeiejabngq\/Annuaire%20lieux%20campisme%20Yvelines.xlsx?dl=0\" target=\"_blank\" rel=\"noopener\">L&rsquo;annuaire des lieux de campisme en Yvelines<\/a> pour camper en toute l\u00e9galit\u00e9 en Yvelines.<\/li>\n<\/ul>\n<p>&nbsp;<\/p>\n<ul>\n<li><a href=\"http:\/\/eeudf.org\/yvelines\/2015\/09\/14\/stage-bafa-base-toussaint-scoutisme-protestant-complet\/\" target=\"_blank\" rel=\"noopener\">Un petit message de Florence<\/a>, \u00e9quipi\u00e8re\u00a0formation concernant les diff\u00e9rents stages (BAFA-LDC-BAFD): retrouvez toutes les explications pour s&rsquo;inscrire en stage et toutes les dates de stages th\u00e9oriques ouverts \u00e0 ce jour aux EEUDF.<\/li>\n<li>Comme vous l&rsquo;avez choisi, nous avons rouvert <a href=\"https:\/\/www.facebook.com\/groups\/47836596761\/\" target=\"_blank\" rel=\"noopener\">le groupe Facebook Yvelines<\/a> et nous commen\u00e7ons \u00e0 remplir le <a href=\"http:\/\/eeudf.org\/yvelines\" target=\"_blank\" rel=\"noopener\">blog<\/a>. Pensez \u00e0 vous ajouter sur le groupe Facebook et \u00e0 nous raconter vos aventures sur le blog!!! Pour cela, il suffit de nous envoyer un texte brut (sans mise en page) avec au moins une image \u00e0 yvelines.eeudf (at) gmail.com<\/li>\n<li>Nous avons remis \u00e0 chacun un badge de valorisation. Demandez le votre la prochaine fois que vous verrez la r\u00e9gion !<\/li>\n<\/ul>\n<div>Nous sommes \u00e0 votre disposition si vous vous posez des questions concernant votre budget ou votre projet d&rsquo;ann\u00e9e.\u00a0Et une fois qu&rsquo;ils sont pr\u00eats, nous attendons de les d\u00e9couvrir: envoyez les nous avant le 15 octobre!<\/div>\n<div><\/div>\n<div>Un bon lancement d&rsquo;ann\u00e9e \u00e0 tous, nous pensons bien \u00e0 vous!<\/div>\n<\/div>\n<div><\/div>\n<div>\n<hr \/>\n<\/div>\n<div><\/div>\n<div>Pour les nouveaux resp :<\/div>\n<div><a href=\"https:\/\/eeudf.org\/yvelines\/wp-content\/uploads\/sites\/33\/2015\/09\/Engagement-resp-Impression-1an.png\"><img loading=\"lazy\" decoding=\"async\" class=\" size-medium wp-image-84 aligncenter\" src=\"http:\/\/eeudf.org\/yvelines\/wp-content\/uploads\/sites\/13\/2015\/09\/Engagement-resp-Impression-1an-300x300.png\" alt=\"Engagement resp Impression 1an\" width=\"300\" height=\"300\" \/><\/a><\/div>\n<div><\/div>\n<div>Pour les resp, en fonction de votre ann\u00e9e d&rsquo;engagement :<\/div>\n<div><a href=\"https:\/\/eeudf.org\/yvelines\/wp-content\/uploads\/sites\/33\/2015\/09\/Engagement-resp-Impression-2ans.png\"><img loading=\"lazy\" decoding=\"async\" class=\" size-medium wp-image-85 aligncenter\" src=\"http:\/\/eeudf.org\/yvelines\/wp-content\/uploads\/sites\/13\/2015\/09\/Engagement-resp-Impression-2ans-300x300.png\" alt=\"Engagement resp Impression 2ans\" width=\"300\" height=\"300\" \/><\/a><\/div>\n<div><\/div>\n<div>\n<div>Pour les CGL :<\/div>\n<div><a href=\"https:\/\/eeudf.org\/yvelines\/wp-content\/uploads\/sites\/33\/2015\/09\/Engagement-cgl-Impression.png\"><img loading=\"lazy\" decoding=\"async\" class=\" size-medium wp-image-86 aligncenter\" src=\"http:\/\/eeudf.org\/yvelines\/wp-content\/uploads\/sites\/13\/2015\/09\/Engagement-cgl-Impression-300x300.png\" alt=\"Engagement cgl Impression\" width=\"300\" height=\"300\" srcset=\"https:\/\/eeudf.org\/yvelines\/wp-content\/uploads\/sites\/33\/2015\/09\/Engagement-cgl-Impression-300x300.png 300w, https:\/\/eeudf.org\/yvelines\/wp-content\/uploads\/sites\/33\/2015\/09\/Engagement-cgl-Impression-150x150.png 150w, https:\/\/eeudf.org\/yvelines\/wp-content\/uploads\/sites\/33\/2015\/09\/Engagement-cgl-Impression.png 756w\" sizes=\"(max-width: 300px) 100vw, 300px\" \/><\/a><\/div>\n<\/div>\n<div><\/div>\n<div><\/div>\n<div>Pour ceux qui partent et \u00e0 qui on doit tout :<\/div>\n<div><a href=\"https:\/\/eeudf.org\/yvelines\/wp-content\/uploads\/sites\/33\/2015\/09\/Engagement-Depart-Impression.png\"><img loading=\"lazy\" decoding=\"async\" class=\" size-medium wp-image-83 aligncenter\" src=\"http:\/\/eeudf.org\/yvelines\/wp-content\/uploads\/sites\/13\/2015\/09\/Engagement-D\u00e9part-Impression-300x300.png\" alt=\"Engagement D\u00e9part Impression\" width=\"300\" height=\"300\" \/><\/a><\/div>\n","protected":false},"excerpt":{"rendered":"<p>Nous vous remercions encore une fois de votre pr\u00e9sence \u00e0 l&rsquo;Assembl\u00e9e R\u00e9gionale de samedi dernier. Un petit questionnaire pour conna\u00eetre [&hellip;]<\/p>\n","protected":false},"author":3,"featured_media":151,"comment_status":"open","ping_status":"open","sticky":false,"template":"","format":"standard","meta":{"_acf_changed":false,"footnotes":""},"categories":[5],"tags":[18],"class_list":["post-49","post","type-post","status-publish","format-standard","has-post-thumbnail","hentry","category-aregi","tag-aregi"],"acf":[],"_links":{"self":[{"href":"https:\/\/eeudf.org\/yvelines\/wp-json\/wp\/v2\/posts\/49"}],"collection":[{"href":"https:\/\/eeudf.org\/yvelines\/wp-json\/wp\/v2\/posts"}],"about":[{"href":"https:\/\/eeudf.org\/yvelines\/wp-json\/wp\/v2\/types\/post"}],"author":[{"embeddable":true,"href":"https:\/\/eeudf.org\/yvelines\/wp-json\/wp\/v2\/users\/3"}],"replies":[{"embeddable":true,"href":"https:\/\/eeudf.org\/yvelines\/wp-json\/wp\/v2\/comments?post=49"}],"version-history":[{"count":0,"href":"https:\/\/eeudf.org\/yvelines\/wp-json\/wp\/v2\/posts\/49\/revisions"}],"wp:featuredmedia":[{"embeddable":true,"href":"https:\/\/eeudf.org\/yvelines\/wp-json\/wp\/v2\/media\/151"}],"wp:attachment":[{"href":"https:\/\/eeudf.org\/yvelines\/wp-json\/wp\/v2\/media?parent=49"}],"wp:term":[{"taxonomy":"category","embeddable":true,"href":"https:\/\/eeudf.org\/yvelines\/wp-json\/wp\/v2\/categories?post=49"},{"taxonomy":"post_tag","embeddable":true,"href":"https:\/\/eeudf.org\/yvelines\/wp-json\/wp\/v2\/tags?post=49"}],"curies":[{"name":"wp","href":"https:\/\/api.w.org\/{rel}","templated":true}]}}