{"id":512,"date":"2017-05-23T21:18:19","date_gmt":"2017-05-23T20:18:19","guid":{"rendered":"http:\/\/eeudf.org\/yvelines\/?p=512"},"modified":"2017-05-23T21:18:19","modified_gmt":"2017-05-23T20:18:19","slug":"en-route-pour-ler","status":"publish","type":"post","link":"https:\/\/eeudf.org\/yvelines\/2017\/05\/23\/en-route-pour-ler\/","title":{"rendered":"En route pour l&rsquo;ER"},"content":{"rendered":"<p><a href=\"https:\/\/eeudf.org\/yvelines\/wp-content\/uploads\/sites\/33\/2017\/05\/Baden-Powell-We-want-you.png\"><img loading=\"lazy\" decoding=\"async\" class=\" wp-image-527 alignleft\" src=\"http:\/\/eeudf.org\/yvelines\/wp-content\/uploads\/sites\/13\/2017\/05\/Baden-Powell-We-want-you-212x300.png\" alt=\"Baden Powell We want you\" width=\"177\" height=\"250\" \/><\/a><\/p>\n<p>&nbsp;<\/p>\n<p>Et toi, c&rsquo;est quoi ton programme pour l&rsquo;ann\u00e9e prochaine ?<\/p>\n<p>L&rsquo;ann\u00e9e se termine et l&rsquo;\u00e9quipe r\u00e9gionale commence \u00e0 pr\u00e9voir ses plans pour l&rsquo;ann\u00e9e 2017-2018. C&rsquo;est l&rsquo;heure du mercato, l&rsquo;\u00e9quipe r\u00e9gionale ayant besoin de se renouveler (comme promis \u00e0 l&rsquo;AREGI 2016-17 dans nos ambitions r\u00e9gionales). Alors, toi le.la responsable qui veux \u00e9largir ton champ d&rsquo;action ! Toi l&rsquo;ancien.ne qui veut revenir dans le scoutisme ! Toi le.la cadre local qui a envie de d\u00e9couvrir la r\u00e9gion Yvelines ! C&rsquo;est peut-\u00eatre ton moment.<\/p>\n<p>&nbsp;<\/p>\n<p><strong>Quelles conditions pour postuler \u00e0 l&rsquo;Equipe R\u00e9gionale ?<\/strong> Deux conditions : de la motivation et l&rsquo;envie de t&rsquo;engager pour toute la r\u00e9gion Yvelines. Nous tentons, cette ann\u00e9e, une solution avec des membres de l&rsquo;\u00e9quipe r\u00e9gionale qui resteront s&rsquo;ils.elles le souhaitent encore engager au niveau local. Pas de crit\u00e8res d&rsquo;ann\u00e9e d&rsquo;exp\u00e9rience : tu seras accompagn\u00e9.e et form\u00e9.e sur ton poste et ta posture d&rsquo;\u00e9quipier.e r\u00e9gional.e.<\/p>\n<p><strong>Et c&rsquo;est quoi les postes auxquels on peut postuler ?\u00a0<\/strong>Nous en proposons quatre qui repr\u00e9sentent pour nous le nerf de la guerre. Prends en connaissance avec ces magnifiques visuels. Nous te laissons aussi la possibilit\u00e9 de nous proposer d&rsquo;autres postes et missions si tu le souhaites. Pour postuler, envoies nous un mail, un courrier, un appel avec quelques mots de motivation, ce que tu voudrais porter comme ambition pour la r\u00e9gion, le poste qui t&rsquo;int\u00e9resse et tes id\u00e9es (on est pro ou on ne l&rsquo;est pas). Ecris \u00e0 l&rsquo;adresse yvelines.eeudf{at}gmail.com et nous te r\u00e9pondrons sous 10 jours.<\/p>\n<p>Tu peux aussi nous contacter pour en discuter avec nous.<\/p>\n<p><strong>Alors, c&rsquo;est quoi ton programme pour l&rsquo;ann\u00e9e prochaine ?<\/strong><\/p>\n<p><a href=\"http:\/\/eeudf.org\/yvelines\/2017\/05\/23\/fiche-de-poste-er-formation\/\">L&rsquo;annonce pour le poste d&rsquo;ER formation<\/a><\/p>\n<p><a href=\"http:\/\/eeudf.org\/yvelines\/2017\/05\/23\/fiche-de-poste-er-branche-ainee\/\">L&rsquo;annonce pour le poste d&rsquo;ER Branche a\u00een\u00e9e<\/a><\/p>\n<p><a href=\"http:\/\/eeudf.org\/yvelines\/2017\/05\/23\/fiche-er-suivi-de-groupe\/\">L&rsquo;annonce pour le poste d&rsquo;ER suivi de groupes locaux<\/a><\/p>\n<p><a href=\"http:\/\/eeudf.org\/yvelines\/2017\/05\/23\/fiche-er-pedago-bc-ou-bm-yvelines\/\">L&rsquo;annonce pour le poste d&rsquo;ER Branche Cadette et\/ou Branche Moyenne<\/a><\/p>\n","protected":false},"excerpt":{"rendered":"<p>&nbsp; Et toi, c&rsquo;est quoi ton programme pour l&rsquo;ann\u00e9e prochaine ? L&rsquo;ann\u00e9e se termine et l&rsquo;\u00e9quipe r\u00e9gionale commence \u00e0 pr\u00e9voir [&hellip;]<\/p>\n","protected":false},"author":3,"featured_media":518,"comment_status":"open","ping_status":"open","sticky":false,"template":"","format":"standard","meta":{"_acf_changed":false,"footnotes":""},"categories":[8,14],"tags":[],"class_list":["post-512","post","type-post","status-publish","format-standard","has-post-thumbnail","hentry","category-remarquables","category-fiches-de-poste-er"],"acf":[],"_links":{"self":[{"href":"https:\/\/eeudf.org\/yvelines\/wp-json\/wp\/v2\/posts\/512"}],"collection":[{"href":"https:\/\/eeudf.org\/yvelines\/wp-json\/wp\/v2\/posts"}],"about":[{"href":"https:\/\/eeudf.org\/yvelines\/wp-json\/wp\/v2\/types\/post"}],"author":[{"embeddable":true,"href":"https:\/\/eeudf.org\/yvelines\/wp-json\/wp\/v2\/users\/3"}],"replies":[{"embeddable":true,"href":"https:\/\/eeudf.org\/yvelines\/wp-json\/wp\/v2\/comments?post=512"}],"version-history":[{"count":0,"href":"https:\/\/eeudf.org\/yvelines\/wp-json\/wp\/v2\/posts\/512\/revisions"}],"wp:featuredmedia":[{"embeddable":true,"href":"https:\/\/eeudf.org\/yvelines\/wp-json\/wp\/v2\/media\/518"}],"wp:attachment":[{"href":"https:\/\/eeudf.org\/yvelines\/wp-json\/wp\/v2\/media?parent=512"}],"wp:term":[{"taxonomy":"category","embeddable":true,"href":"https:\/\/eeudf.org\/yvelines\/wp-json\/wp\/v2\/categories?post=512"},{"taxonomy":"post_tag","embeddable":true,"href":"https:\/\/eeudf.org\/yvelines\/wp-json\/wp\/v2\/tags?post=512"}],"curies":[{"name":"wp","href":"https:\/\/api.w.org\/{rel}","templated":true}]}}