{"id":601,"date":"2018-04-03T23:51:21","date_gmt":"2018-04-03T22:51:21","guid":{"rendered":"http:\/\/eeudf.org\/yvelines\/?p=601"},"modified":"2018-04-03T23:51:21","modified_gmt":"2018-04-03T22:51:21","slug":"20-ans-ca-se-fete-le-week-end-regional-en-quelques-mots","status":"publish","type":"post","link":"https:\/\/eeudf.org\/yvelines\/2018\/04\/03\/20-ans-ca-se-fete-le-week-end-regional-en-quelques-mots\/","title":{"rendered":"20 ans, \u00e7a se f\u00eate : le week-end r\u00e9gional en quelques mots"},"content":{"rendered":"<p>Bient\u00f4t le week-end r\u00e9gional Yvelines pour f\u00eater tou.te.s ensemble 20 ans de scoutisme dans les Yvelines.<\/p>\n<p>Nous nous retrouvons le samedi 7 et le dimanche 8 avril, de 10h00 le samedi \u00e0 16h00 le dimanche.<\/p>\n<p><strong>O\u00f9 \u00e7a ?<\/strong> A c\u00f4t\u00e9 du ch\u00e2teau du M\u00e9rantais, \u00e0 la sortie de Magny-Les-Hameaux.<br \/>\nL&rsquo;acc\u00e8s au ch\u00e2teau est situ\u00e9 sur la D\u00e9partementale D36, entre Voisins-le-Bretonneux et Ch\u00e2teaufort.<br \/>\nLes coordonn\u00e9es GPS :<br \/>\nEt une carte pour visualiser l&#8217;emplacement du lieu : <a href=\"https:\/\/www.google.com\/maps\/embed?pb=!1m17!1m11!1m3!1d2051.0408858248957!2d2.070780043748152!3d48.747443663757885!2m2!1f0!2f0!3m2!1i1024!2i768!4f13.1!3m3!1m2!1s0x47e6808c3e92fecb%3A0x458c2d60dbaa20e3!2sM%C3%A9rantais%2C+78114+Magny-les-Hameaux!5e1!3m2!1sfr!2sfr!4v1522795991478\">la carte ici.<\/a><\/p>\n<p><strong>Comment va se d\u00e9rouler ce week-end ?<br \/>\n<\/strong>D\u00e9couvrez le programme en ligne <a href=\"https:\/\/eeudf.org\/yvelines\/wp-content\/uploads\/sites\/33\/2018\/04\/Programme-EEUDF-WERY-2018.jpg\">en cliquant ici.<\/a><\/p>\n<p><strong>En apprendre plus sur les activit\u00e9s du week-end ?<br \/>\n<\/strong>Vous souhaitez un aper\u00e7u des activit\u00e9s du week-end ? Venez rencontrer Jean-Paul Locuse et son restaurant triplement \u00e9toil\u00e9 : le Yves. Co\u00efncidence, le Yves f\u00eate aussi ses 20 ans d&rsquo;existence ce week-end l\u00e0.<br \/>\nD\u00e9couvrez le magasine de cuisine \u00ab\u00a0les Endives Yvelinoises\u00a0\u00bb, qui pourra vous parler de cet \u00e9v\u00e9nement.<\/p>\n<div id=\"attachment_604\" style=\"width: 277px\" class=\"wp-caption alignleft\"><a href=\"https:\/\/eeudf.org\/yvelines\/wp-content\/uploads\/sites\/33\/2018\/04\/Affiche-journal-WERY-2018-page-1.jpg\"><img loading=\"lazy\" decoding=\"async\" aria-describedby=\"caption-attachment-604\" class=\" wp-image-604\" src=\"http:\/\/eeudf.org\/yvelines\/wp-content\/uploads\/sites\/13\/2018\/04\/Affiche-journal-WERY-2018-page-1-212x300.jpg\" alt=\"Magasine &quot;Les Endives Yvelinoises&quot; page 1 - \u00e9dition mars\/avril 2018\" width=\"267\" height=\"377\" srcset=\"https:\/\/eeudf.org\/yvelines\/wp-content\/uploads\/sites\/33\/2018\/04\/Affiche-journal-WERY-2018-page-1-212x300.jpg 212w, https:\/\/eeudf.org\/yvelines\/wp-content\/uploads\/sites\/33\/2018\/04\/Affiche-journal-WERY-2018-page-1-723x1024.jpg 723w, https:\/\/eeudf.org\/yvelines\/wp-content\/uploads\/sites\/33\/2018\/04\/Affiche-journal-WERY-2018-page-1-768x1087.jpg 768w, https:\/\/eeudf.org\/yvelines\/wp-content\/uploads\/sites\/33\/2018\/04\/Affiche-journal-WERY-2018-page-1-1085x1536.jpg 1085w, https:\/\/eeudf.org\/yvelines\/wp-content\/uploads\/sites\/33\/2018\/04\/Affiche-journal-WERY-2018-page-1.jpg 1239w\" sizes=\"(max-width: 267px) 100vw, 267px\" \/><\/a><p id=\"caption-attachment-604\" class=\"wp-caption-text\">Magasine \u00ab\u00a0Les Endives Yvelinoises\u00a0\u00bb page 1 &#8211; \u00e9dition mars\/avril 2018<\/p><\/div>\n<div id=\"attachment_605\" style=\"width: 278px\" class=\"wp-caption alignright\"><a href=\"https:\/\/eeudf.org\/yvelines\/wp-content\/uploads\/sites\/33\/2018\/04\/Affiche-journal-WERY-2018-page-2.jpg\"><img loading=\"lazy\" decoding=\"async\" aria-describedby=\"caption-attachment-605\" class=\" wp-image-605\" src=\"http:\/\/eeudf.org\/yvelines\/wp-content\/uploads\/sites\/13\/2018\/04\/Affiche-journal-WERY-2018-page-2-212x300.jpg\" alt=\"Magasine &quot;Les Endives Yvelinoises&quot; page 2 - \u00e9dition mars\/avril 2018\" width=\"268\" height=\"380\" srcset=\"https:\/\/eeudf.org\/yvelines\/wp-content\/uploads\/sites\/33\/2018\/04\/Affiche-journal-WERY-2018-page-2-212x300.jpg 212w, https:\/\/eeudf.org\/yvelines\/wp-content\/uploads\/sites\/33\/2018\/04\/Affiche-journal-WERY-2018-page-2-723x1024.jpg 723w, https:\/\/eeudf.org\/yvelines\/wp-content\/uploads\/sites\/33\/2018\/04\/Affiche-journal-WERY-2018-page-2-768x1087.jpg 768w, https:\/\/eeudf.org\/yvelines\/wp-content\/uploads\/sites\/33\/2018\/04\/Affiche-journal-WERY-2018-page-2-1085x1536.jpg 1085w, https:\/\/eeudf.org\/yvelines\/wp-content\/uploads\/sites\/33\/2018\/04\/Affiche-journal-WERY-2018-page-2.jpg 1239w\" sizes=\"(max-width: 268px) 100vw, 268px\" \/><\/a><p id=\"caption-attachment-605\" class=\"wp-caption-text\">Magasine \u00ab\u00a0Les Endives Yvelinoises\u00a0\u00bb page 2 &#8211; \u00e9dition mars\/avril 2018<\/p><\/div>\n<p>&nbsp;<\/p>\n<p>&nbsp;<\/p>\n<p>&nbsp;<\/p>\n<p>&nbsp;<\/p>\n<p>&nbsp;<\/p>\n<p>&nbsp;<\/p>\n<p>&nbsp;<\/p>\n<p>&nbsp;<\/p>\n<p>&nbsp;<\/p>\n<p>&nbsp;<\/p>\n<p>&nbsp;<\/p>\n<p>&nbsp;<\/p>\n<p>&nbsp;<\/p>\n<p>&nbsp;<\/p>\n<p>&nbsp;<\/p>\n<p>&nbsp;<\/p>\n<p><strong>Qu&rsquo;est-ce-que je dois amener sur ce week-end ?<\/strong><\/p>\n<p>Si je suis un.e loulou, \u00e9clais, a\u00een\u00e9.e :<br \/>\n&#8211; ma chemise et mon foulard<br \/>\n&#8211; des affaires chaudes et \u00e9tanches : bottes, polaire, k-way ou manteau<br \/>\n&#8211; mes affaires pour dormir : tapis de sol, duvet chaud, couverture, doudou, brosse \u00e0 dents et dentifrice<br \/>\n&#8211; lampe torche<br \/>\n&#8211; gamelle, couverts et quart<\/p>\n<p>Si je suis responsable, cadres ou parents :<br \/>\n&#8211; les m\u00eames affaires que le paragraphe d&rsquo;au-dessus<br \/>\n&#8211; ma tente et un nombre de tentes suffisant pour accueillir les enfants dont j&rsquo;ai la charge<br \/>\n&#8211; du petit mat\u00e9riel de jeux pour occuper lors des temps libres<br \/>\n&#8211; et c&rsquo;est tout. Le mat\u00e9riel d&rsquo;intendance est r\u00e9cup\u00e9r\u00e9 sur deux groupes, tout comme celui des grosses installations.<\/p>\n<p>Au plaisir de vous retrouver samedi pour f\u00eater les 20 ans des Yvelines.<\/p>\n<p>L&rsquo;\u00e9quipe r\u00e9gionale<\/p>\n","protected":false},"excerpt":{"rendered":"<p>Bient\u00f4t le week-end r\u00e9gional Yvelines pour f\u00eater tou.te.s ensemble 20 ans de scoutisme dans les Yvelines. Nous nous retrouvons le [&hellip;]<\/p>\n","protected":false},"author":3,"featured_media":604,"comment_status":"open","ping_status":"open","sticky":false,"template":"","format":"standard","meta":{"_acf_changed":false,"footnotes":""},"categories":[6],"tags":[27,32,17,20,25],"class_list":["post-601","post","type-post","status-publish","format-standard","has-post-thumbnail","hentry","category-evenement","tag-par-actions-concretes","tag-wery","tag-responsables","tag-cadres-et-enfants","tag-evenement"],"acf":[],"_links":{"self":[{"href":"https:\/\/eeudf.org\/yvelines\/wp-json\/wp\/v2\/posts\/601"}],"collection":[{"href":"https:\/\/eeudf.org\/yvelines\/wp-json\/wp\/v2\/posts"}],"about":[{"href":"https:\/\/eeudf.org\/yvelines\/wp-json\/wp\/v2\/types\/post"}],"author":[{"embeddable":true,"href":"https:\/\/eeudf.org\/yvelines\/wp-json\/wp\/v2\/users\/3"}],"replies":[{"embeddable":true,"href":"https:\/\/eeudf.org\/yvelines\/wp-json\/wp\/v2\/comments?post=601"}],"version-history":[{"count":0,"href":"https:\/\/eeudf.org\/yvelines\/wp-json\/wp\/v2\/posts\/601\/revisions"}],"wp:featuredmedia":[{"embeddable":true,"href":"https:\/\/eeudf.org\/yvelines\/wp-json\/wp\/v2\/media\/604"}],"wp:attachment":[{"href":"https:\/\/eeudf.org\/yvelines\/wp-json\/wp\/v2\/media?parent=601"}],"wp:term":[{"taxonomy":"category","embeddable":true,"href":"https:\/\/eeudf.org\/yvelines\/wp-json\/wp\/v2\/categories?post=601"},{"taxonomy":"post_tag","embeddable":true,"href":"https:\/\/eeudf.org\/yvelines\/wp-json\/wp\/v2\/tags?post=601"}],"curies":[{"name":"wp","href":"https:\/\/api.w.org\/{rel}","templated":true}]}}